{"id":45481,"date":"2026-09-01T09:20:37","date_gmt":"2026-09-01T12:20:37","guid":{"rendered":"https:\/\/magistrarcursos.com.br\/blog\/?p=45481"},"modified":"2026-09-01T09:20:37","modified_gmt":"2026-09-01T12:20:37","slug":"concurso-seguranca-am-novo-edital-e-previsto-para-2027","status":"publish","type":"post","link":"https:\/\/magistrarcursos.com.br\/blog\/concurso-seguranca-am-novo-edital-e-previsto-para-2027\/","title":{"rendered":"Concurso Seguran\u00e7a AM: novo edital \u00e9 previsto para 2027"},"content":{"rendered":"\n<p>O governador do Amazonas, Roberto Cidade, anunciou que o Estado dever\u00e1 realizar um <strong>novo concurso p\u00fablico para a \u00e1rea de Seguran\u00e7a P\u00fablica em 2027<\/strong>. A previs\u00e3o foi divulgada na segunda-feira (31), durante o lan\u00e7amento da Opera\u00e7\u00e3o Bairro Seguro, realizado na Arena da Amaz\u00f4nia, em Manaus.<\/p>\n\n\n\n<p>Al\u00e9m do novo concurso, o governador confirmou que o governo pretende convocar candidatos aprovados no concurso anterior, que j\u00e1 foi homologado. Segundo ele, as convoca\u00e7\u00f5es dependem da an\u00e1lise do impacto financeiro e da disponibilidade or\u00e7ament\u00e1ria.<\/p>\n\n\n\n<h2 class=\"wp-block-heading\">Novo concurso para Seguran\u00e7a P\u00fablica em 2027<\/h2>\n\n\n\n<p>Durante o lan\u00e7amento da Opera\u00e7\u00e3o Bairro Seguro, Roberto Cidade afirmou que o Amazonas trabalha com a perspectiva de realizar um novo concurso p\u00fablico no pr\u00f3ximo ano para refor\u00e7ar o efetivo da Seguran\u00e7a P\u00fablica.<\/p>\n\n\n\n<blockquote class=\"wp-block-quote is-layout-flow wp-block-quote-is-layout-flow\">\n<p>\u201cAno que vem n\u00f3s j\u00e1 temos tamb\u00e9m a perspectiva de iniciar outro concurso p\u00fablico\u201d, declarou o governador.<\/p>\n<\/blockquote>\n\n\n\n<p>A previs\u00e3o ocorre em meio \u00e0s a\u00e7\u00f5es do governo para ampliar o n\u00famero de policiais em atua\u00e7\u00e3o nas ruas. No entanto, ainda n\u00e3o foram divulgados o n\u00famero de vagas, os cargos que ser\u00e3o contemplados, os sal\u00e1rios ou a banca organizadora do pr\u00f3ximo certame.<\/p>\n\n\n\n<p><strong>Veja tamb\u00e9m:<\/strong> <strong><a href=\"https:\/\/magistrarcursos.com.br\/blog\/alta-performance-nao-e-viver-no-limite-como-construir-uma-rotina-sustentavel-ate-a-aprovacao\/\" target=\"_blank\" rel=\"noreferrer noopener\">Alta performance n\u00e3o \u00e9 viver no limite: como construir uma rotina sustent\u00e1vel at\u00e9 a aprova\u00e7\u00e3o<\/a><\/strong><\/p>\n\n\n\n<figure class=\"wp-block-image size-full\"><a href=\"https:\/\/www.instagram.com\/magistrar.policial\/\" target=\"_blank\" rel=\" noreferrer noopener\"><img fetchpriority=\"high\" decoding=\"async\" width=\"719\" height=\"192\" src=\"https:\/\/magistrarcursos.com.br\/blog\/wp-content\/uploads\/2026\/05\/Screenshot-3-1.png\" alt=\"\" class=\"wp-image-37533\" srcset=\"https:\/\/magistrarcursos.com.br\/blog\/wp-content\/uploads\/2026\/05\/Screenshot-3-1.png 719w, https:\/\/magistrarcursos.com.br\/blog\/wp-content\/uploads\/2026\/05\/Screenshot-3-1-300x80.png 300w\" sizes=\"(max-width: 719px) 100vw, 719px\" \/><\/a><\/figure>\n\n\n\n<h2 class=\"wp-block-heading\">Aprovados do concurso anterior ser\u00e3o convocados<\/h2>\n\n\n\n<p>Roberto Cidade tamb\u00e9m afirmou que o governo pretende convocar os aprovados remanescentes do concurso j\u00e1 realizado e homologado.<\/p>\n\n\n\n<blockquote class=\"wp-block-quote is-layout-flow wp-block-quote-is-layout-flow\">\n<p>\u201cEm breve tamb\u00e9m j\u00e1 vamos estar iniciando a convoca\u00e7\u00e3o dos pr\u00f3ximos aprovados do concurso que j\u00e1 est\u00e1 homologado\u201d, afirmou.<\/p>\n<\/blockquote>\n\n\n\n<p>De acordo com o governador, a administra\u00e7\u00e3o estadual j\u00e1 possui um estudo sobre o impacto financeiro das novas convoca\u00e7\u00f5es, mas ainda \u00e9 necess\u00e1ria uma previs\u00e3o or\u00e7ament\u00e1ria para viabilizar o chamamento.<\/p>\n\n\n\n<blockquote class=\"wp-block-quote is-layout-flow wp-block-quote-is-layout-flow\">\n<p>\u201cN\u00f3s j\u00e1 estamos conversando com a nossa equipe t\u00e9cnica e estamos com o estudo de impacto financeiro j\u00e1 em m\u00e3os. A gente precisa ter uma previs\u00e3o or\u00e7ament\u00e1ria\u201d, explicou.<\/p>\n<\/blockquote>\n\n\n\n<p>Apesar da necessidade de adequa\u00e7\u00e3o or\u00e7ament\u00e1ria, o governador refor\u00e7ou que a inten\u00e7\u00e3o do Estado \u00e9 ampliar o efetivo e realizar novas convoca\u00e7\u00f5es.<\/p>\n\n\n\n<blockquote class=\"wp-block-quote is-layout-flow wp-block-quote-is-layout-flow\">\n<p>\u201cNem por isso n\u00f3s estamos dizendo que n\u00e3o vamos convocar. N\u00f3s vamos convocar sim, n\u00f3s vamos fazer outro concurso p\u00fablico em breve e n\u00f3s vamos fortalecer a seguran\u00e7a p\u00fablica\u201d, disse Roberto Cidade.<\/p>\n<\/blockquote>\n\n\n\n<h2 class=\"wp-block-heading\">Mais de 500 alunos-soldados iniciam est\u00e1gio operacional<\/h2>\n\n\n\n<p>O an\u00fancio do novo concurso aconteceu no mesmo momento em que mais de 500 alunos-soldados iniciaram o est\u00e1gio operacional supervisionado em Manaus.<\/p>\n\n\n\n<p>Durante essa etapa, os alunos dever\u00e3o atuar ao lado de policiais experientes, como parte da prepara\u00e7\u00e3o para o exerc\u00edcio das atividades operacionais.<\/p>\n\n\n\n<p>Segundo o governador, a chegada dos novos agentes representa um refor\u00e7o significativo no policiamento da capital amazonense.<\/p>\n\n\n\n<blockquote class=\"wp-block-quote is-layout-flow wp-block-quote-is-layout-flow\">\n<p>\u201cN\u00f3s vamos aumentar mais de 10% o efetivo de policiais nas ruas. Isso \u00e9 muita coisa\u201d, afirmou.<\/p>\n<\/blockquote>\n\n\n\n<p>A Opera\u00e7\u00e3o Bairro Seguro tamb\u00e9m contar\u00e1 com viaturas e motocicletas da Rocam para refor\u00e7ar o patrulhamento nos bairros de Manaus.<\/p>\n\n\n\n<p><strong>Confira tamb\u00e9m: <a href=\"https:\/\/magistrarcursos.com.br\/blog\/cansaco-nos-estudos-quando-a-fadiga-e-apenas-rotina-e-quando-merece-investigacao-medica\/\" target=\"_blank\" rel=\"noreferrer noopener\">Cansa\u00e7o nos estudos: quando a fadiga \u00e9 apenas rotina e quando merece investiga\u00e7\u00e3o m\u00e9dica?<\/a><\/strong><\/p>\n\n\n\n<h2 class=\"wp-block-heading\">Amazonas ter\u00e1 Batalh\u00e3o de Fronteiras<\/h2>\n\n\n\n<p>Al\u00e9m das medidas relacionadas ao efetivo policial, Roberto Cidade anunciou a cria\u00e7\u00e3o de um Batalh\u00e3o de Fronteiras no Amazonas.<\/p>\n\n\n\n<p>A unidade dever\u00e1 ser instalada na regi\u00e3o do Alto Solim\u00f5es, \u00e1rea localizada na tr\u00edplice fronteira entre Brasil, Col\u00f4mbia e Peru. A estrutura ter\u00e1 como objetivo refor\u00e7ar o combate ao tr\u00e1fico de drogas e ao crime organizado.<\/p>\n\n\n\n<blockquote class=\"wp-block-quote is-layout-flow wp-block-quote-is-layout-flow\">\n<p>\u201cO estado do Amazonas vai criar o Batalh\u00e3o de Fronteiras nos pr\u00f3ximos dias\u201d, afirmou o governador.<\/p>\n<\/blockquote>\n\n\n\n<p>Segundo Cidade, a nova unidade contar\u00e1 com homens e mulheres preparados para atuar no enfrentamento \u00e0 criminalidade na regi\u00e3o de fronteira.<\/p>\n\n\n\n<figure class=\"wp-block-image aligncenter size-full\"><a href=\"https:\/\/sndflw.com\/i\/TMIUacnZjzvY0r6LJHDi\" target=\"_blank\" rel=\"noopener\"><img decoding=\"async\" width=\"485\" height=\"201\" src=\"https:\/\/magistrarcursos.com.br\/blog\/wp-content\/uploads\/2026\/06\/comunidade-policiais.png\" alt=\"\" class=\"wp-image-38750\" srcset=\"https:\/\/magistrarcursos.com.br\/blog\/wp-content\/uploads\/2026\/06\/comunidade-policiais.png 485w, https:\/\/magistrarcursos.com.br\/blog\/wp-content\/uploads\/2026\/06\/comunidade-policiais-300x124.png 300w\" sizes=\"(max-width: 485px) 100vw, 485px\" \/><\/a><\/figure>\n\n\n\n<p><strong>Saiba tamb\u00e9m:<\/strong> <strong><a href=\"https:\/\/magistrarcursos.com.br\/blog\/exercicio-fisico-ajuda-a-estudar-melhor-o-que-acontece-no-cerebro-quando-movimentamos-o-corpo\/\" target=\"_blank\" rel=\"noreferrer noopener\">Exerc\u00edcio f\u00edsico ajuda a estudar melhor? O que acontece no c\u00e9rebro quando movimentamos o corpo<\/a><\/strong><br><\/p>\n","protected":false},"excerpt":{"rendered":"<p>Governador tamb\u00e9m confirmou convoca\u00e7\u00f5es de aprovados e refor\u00e7o de mais de 10% no efetivo policial nas ruas<\/p>\n","protected":false},"author":16,"featured_media":45495,"comment_status":"closed","ping_status":"closed","sticky":false,"template":"","format":"standard","meta":{"footnotes":""},"categories":[48,107],"tags":[],"class_list":["post-45481","post","type-post","status-publish","format-standard","has-post-thumbnail","hentry","category-noticias","category-policias"],"_links":{"self":[{"href":"https:\/\/magistrarcursos.com.br\/blog\/wp-json\/wp\/v2\/posts\/45481","targetHints":{"allow":["GET"]}}],"collection":[{"href":"https:\/\/magistrarcursos.com.br\/blog\/wp-json\/wp\/v2\/posts"}],"about":[{"href":"https:\/\/magistrarcursos.com.br\/blog\/wp-json\/wp\/v2\/types\/post"}],"author":[{"embeddable":true,"href":"https:\/\/magistrarcursos.com.br\/blog\/wp-json\/wp\/v2\/users\/16"}],"replies":[{"embeddable":true,"href":"https:\/\/magistrarcursos.com.br\/blog\/wp-json\/wp\/v2\/comments?post=45481"}],"version-history":[{"count":9,"href":"https:\/\/magistrarcursos.com.br\/blog\/wp-json\/wp\/v2\/posts\/45481\/revisions"}],"predecessor-version":[{"id":45538,"href":"https:\/\/magistrarcursos.com.br\/blog\/wp-json\/wp\/v2\/posts\/45481\/revisions\/45538"}],"wp:featuredmedia":[{"embeddable":true,"href":"https:\/\/magistrarcursos.com.br\/blog\/wp-json\/wp\/v2\/media\/45495"}],"wp:attachment":[{"href":"https:\/\/magistrarcursos.com.br\/blog\/wp-json\/wp\/v2\/media?parent=45481"}],"wp:term":[{"taxonomy":"category","embeddable":true,"href":"https:\/\/magistrarcursos.com.br\/blog\/wp-json\/wp\/v2\/categories?post=45481"},{"taxonomy":"post_tag","embeddable":true,"href":"https:\/\/magistrarcursos.com.br\/blog\/wp-json\/wp\/v2\/tags?post=45481"}],"curies":[{"name":"wp","href":"https:\/\/api.w.org\/{rel}","templated":true}]}}