{"id":45527,"date":"2026-09-01T09:04:21","date_gmt":"2026-09-01T12:04:21","guid":{"rendered":"https:\/\/magistrarcursos.com.br\/blog\/?p=45527"},"modified":"2026-09-01T09:04:21","modified_gmt":"2026-09-01T12:04:21","slug":"2a-maratona-enam-2026-2-magistrar-promove-10-horas-de-revisao-ao-vivo-neste-sabado-5","status":"publish","type":"post","link":"https:\/\/magistrarcursos.com.br\/blog\/2a-maratona-enam-2026-2-magistrar-promove-10-horas-de-revisao-ao-vivo-neste-sabado-5\/","title":{"rendered":"2\u00aa Maratona ENAM 2026.2: Magistrar promove 10 horas de revis\u00e3o ao vivo neste s\u00e1bado (5)"},"content":{"rendered":"\n<p>Os candidatos que est\u00e3o se preparando para o <strong><a href=\"https:\/\/magistrarcursos.com.br\/blog\/enam-exame-nacional-magistratura\/\" target=\"_blank\" data-type=\"link\" data-id=\"https:\/\/magistrarcursos.com.br\/blog\/enam-exame-nacional-magistratura\/\" rel=\"noreferrer noopener\">ENAM 2026.2<\/a><\/strong> ter\u00e3o uma nova oportunidade de refor\u00e7ar os estudos neste s\u00e1bado, <strong>5 de setembro<\/strong>. O Magistrar realiza a <strong>2\u00aa Maratona ENAM 2026.2<\/strong>, uma revis\u00e3o intensiva com <strong>10 horas de conte\u00fado ao vivo<\/strong> e participa\u00e7\u00e3o de professores especializados.<\/p>\n\n\n\n<p>A programa\u00e7\u00e3o come\u00e7a \u00e0s 8h e segue at\u00e9 as 18h, contemplando disciplinas importantes para a prepara\u00e7\u00e3o dos candidatos. Ao longo do dia, os alunos poder\u00e3o revisar conte\u00fados de Processo Civil, Direito Civil, Direito Penal, Direito Constitucional, Direitos Humanos e Forma\u00e7\u00e3o Human\u00edstica.<\/p>\n\n\n\n<p>A maratona foi pensada para quem busca aproveitar o fim de semana para revisar pontos relevantes do edital e chegar mais preparado para a prova do <strong>ENAM 2026.2<\/strong>.<\/p>\n\n\n\n<figure class=\"wp-block-embed is-type-video is-provider-youtube wp-block-embed-youtube wp-embed-aspect-16-9 wp-has-aspect-ratio\"><div class=\"wp-block-embed__wrapper\">\n<iframe title=\"2\u00aa MARATONA ENAM 2026.2\" width=\"800\" height=\"450\" src=\"https:\/\/www.youtube.com\/embed\/Ixv1zg55Sy0?feature=oembed\" frameborder=\"0\" allow=\"accelerometer; autoplay; clipboard-write; encrypted-media; gyroscope; picture-in-picture; web-share\" referrerpolicy=\"strict-origin-when-cross-origin\" allowfullscreen><\/iframe>\n<\/div><\/figure>\n\n\n\n<h2 class=\"wp-block-heading\">2\u00aa Maratona ENAM 2026.2 acontece neste s\u00e1bado<\/h2>\n\n\n\n<p>A transmiss\u00e3o ter\u00e1 in\u00edcio \u00e0s <strong>8h do s\u00e1bado, 5 de setembro<\/strong>, e contar\u00e1 com cinco aulas, cada uma com duas horas de dura\u00e7\u00e3o.<\/p>\n\n\n\n<p>Confira a programa\u00e7\u00e3o completa:<\/p>\n\n\n\n<figure class=\"wp-block-table\"><table class=\"has-fixed-layout\"><thead><tr><th>Hor\u00e1rio<\/th><th>Disciplina<\/th><th>Professor<\/th><\/tr><\/thead><tbody><tr><td><strong>08h \u00e0s 10h<\/strong><\/td><td>Processo Civil<\/td><td>Mauricio Cunha<\/td><\/tr><tr><td><strong>10h \u00e0s 12h<\/strong><\/td><td>Direito Civil<\/td><td>Flavio Grucci<\/td><\/tr><tr><td><strong>12h \u00e0s 14h<\/strong><\/td><td>Direito Penal<\/td><td>Rilmo Braga<\/td><\/tr><tr><td><strong>14h \u00e0s 16h<\/strong><\/td><td>Direito Constitucional<\/td><td>Eduardo dos Santos<\/td><\/tr><tr><td><strong>16h \u00e0s 18h<\/strong><\/td><td>Direitos Humanos e Forma\u00e7\u00e3o Human\u00edstica<\/td><td>Alexandre Piovesan<\/td><\/tr><\/tbody><\/table><\/figure>\n\n\n\n<p>Com uma programa\u00e7\u00e3o concentrada em apenas um dia, a <strong>2\u00aa Maratona ENAM 2026.2<\/strong> oferece aos candidatos uma oportunidade de revisar diferentes \u00e1reas do conte\u00fado e identificar os assuntos que ainda precisam de maior aten\u00e7\u00e3o.<\/p>\n\n\n\n<h2 class=\"wp-block-heading\">ENAM 2026.2: prepara\u00e7\u00e3o entra em nova fase<\/h2>\n\n\n\n<p>Com o <strong><a href=\"https:\/\/magistrarcursos.com.br\/blog\/enam-2026-2-edital-publicado-provas-em-novembro\/\" target=\"_blank\" data-type=\"link\" data-id=\"https:\/\/magistrarcursos.com.br\/blog\/enam-2026-2-edital-publicado-provas-em-novembro\/\" rel=\"noreferrer noopener\">edital do ENAM 2026.2<\/a><\/strong> j\u00e1 publicado, os candidatos entram em uma fase importante da prepara\u00e7\u00e3o. Nesse momento, al\u00e9m da constru\u00e7\u00e3o de conhecimento, a revis\u00e3o dos conte\u00fados estudados ganha cada vez mais relev\u00e2ncia.<\/p>\n\n\n\n<p>A realiza\u00e7\u00e3o de aulas intensivas pode ajudar o candidato a retomar assuntos, consolidar conceitos e direcionar os estudos para os temas que apresentam maior dificuldade.<\/p>\n\n\n\n<p>Por isso, eventos como a Maratona podem ser utilizados como complemento ao cronograma individual de prepara\u00e7\u00e3o, especialmente para quem deseja fazer uma revis\u00e3o abrangente das disciplinas.<\/p>\n\n\n\n<h2 class=\"wp-block-heading\">Como acompanhar a Maratona ENAM 2026.2?<\/h2>\n\n\n\n<p>A 2\u00aa Maratona ENAM 2026.2 ser\u00e1 realizada <strong>ao vivo no s\u00e1bado, 5 de setembro, a partir das 8h<\/strong>, pelo <strong><a href=\"https:\/\/www.youtube.com\/@magistrar\" target=\"_blank\" data-type=\"link\" data-id=\"https:\/\/www.youtube.com\/@magistrar\" rel=\"noreferrer noopener\">canal do Magistrar no Youtube<\/a><\/strong>.<\/p>\n\n\n\n<p>A transmiss\u00e3o ter\u00e1 <strong>10 horas de conte\u00fado<\/strong>, com aulas de Processo Civil, Direito Civil, Direito Penal, Direito Constitucional, Direitos Humanos e Forma\u00e7\u00e3o Human\u00edstica.<\/p>\n\n\n\n<p>Programe-se para acompanhar a revis\u00e3o do Magistrar e aproveite o s\u00e1bado para intensificar sua prepara\u00e7\u00e3o para o ENAM 2026.2.<\/p>\n\n\n\n<figure class=\"wp-block-image size-full\"><a href=\"https:\/\/magistrarcursos.com.br\/cursos\/enam\/?utm_source=blog&amp;utm_medium=banner&amp;utm_campaign=enam2026&amp;utm_id=enam\" target=\"_blank\" rel=\" noreferrer noopener\"><img fetchpriority=\"high\" decoding=\"async\" width=\"700\" height=\"300\" src=\"https:\/\/magistrarcursos.com.br\/blog\/wp-content\/uploads\/2025\/10\/Enam-2026.jpg\" alt=\"\" class=\"wp-image-30604\" srcset=\"https:\/\/magistrarcursos.com.br\/blog\/wp-content\/uploads\/2025\/10\/Enam-2026.jpg 700w, https:\/\/magistrarcursos.com.br\/blog\/wp-content\/uploads\/2025\/10\/Enam-2026-300x129.jpg 300w\" sizes=\"(max-width: 700px) 100vw, 700px\" \/><\/a><\/figure>\n","protected":false},"excerpt":{"rendered":"<p>Evento gratuito re\u00fane cinco professores para uma revis\u00e3o intensiva das principais disciplinas do ENAM 2026.2; transmiss\u00e3o come\u00e7a \u00e0s 8h<\/p>\n","protected":false},"author":18,"featured_media":45530,"comment_status":"closed","ping_status":"closed","sticky":false,"template":"","format":"standard","meta":{"footnotes":""},"categories":[48,103],"tags":[],"class_list":["post-45527","post","type-post","status-publish","format-standard","has-post-thumbnail","hentry","category-noticias","category-enam"],"_links":{"self":[{"href":"https:\/\/magistrarcursos.com.br\/blog\/wp-json\/wp\/v2\/posts\/45527","targetHints":{"allow":["GET"]}}],"collection":[{"href":"https:\/\/magistrarcursos.com.br\/blog\/wp-json\/wp\/v2\/posts"}],"about":[{"href":"https:\/\/magistrarcursos.com.br\/blog\/wp-json\/wp\/v2\/types\/post"}],"author":[{"embeddable":true,"href":"https:\/\/magistrarcursos.com.br\/blog\/wp-json\/wp\/v2\/users\/18"}],"replies":[{"embeddable":true,"href":"https:\/\/magistrarcursos.com.br\/blog\/wp-json\/wp\/v2\/comments?post=45527"}],"version-history":[{"count":1,"href":"https:\/\/magistrarcursos.com.br\/blog\/wp-json\/wp\/v2\/posts\/45527\/revisions"}],"predecessor-version":[{"id":45532,"href":"https:\/\/magistrarcursos.com.br\/blog\/wp-json\/wp\/v2\/posts\/45527\/revisions\/45532"}],"wp:featuredmedia":[{"embeddable":true,"href":"https:\/\/magistrarcursos.com.br\/blog\/wp-json\/wp\/v2\/media\/45530"}],"wp:attachment":[{"href":"https:\/\/magistrarcursos.com.br\/blog\/wp-json\/wp\/v2\/media?parent=45527"}],"wp:term":[{"taxonomy":"category","embeddable":true,"href":"https:\/\/magistrarcursos.com.br\/blog\/wp-json\/wp\/v2\/categories?post=45527"},{"taxonomy":"post_tag","embeddable":true,"href":"https:\/\/magistrarcursos.com.br\/blog\/wp-json\/wp\/v2\/tags?post=45527"}],"curies":[{"name":"wp","href":"https:\/\/api.w.org\/{rel}","templated":true}]}}