{"id":45539,"date":"2026-09-01T09:57:22","date_gmt":"2026-09-01T12:57:22","guid":{"rendered":"https:\/\/magistrarcursos.com.br\/blog\/?p=45539"},"modified":"2026-09-01T09:57:22","modified_gmt":"2026-09-01T12:57:22","slug":"concurso-publico-melhores-oportunidades-para-analista-em-setembro-de-2026","status":"publish","type":"post","link":"https:\/\/magistrarcursos.com.br\/blog\/concurso-publico-melhores-oportunidades-para-analista-em-setembro-de-2026\/","title":{"rendered":"Concurso p\u00fablico: melhores oportunidades para Analista em setembro de 2026!"},"content":{"rendered":"\n<p>Setembro de 2026 come\u00e7a com boas oportunidades para quem busca um <strong>concurso p\u00fablico para o cargo de <a href=\"https:\/\/magistrarcursos.com.br\/blog\/analista-judiciario\/\" data-type=\"link\" data-id=\"https:\/\/magistrarcursos.com.br\/blog\/analista-judiciario\/\" target=\"_blank\" rel=\"noreferrer noopener\">Analista<\/a><\/strong>. H\u00e1 diversos certames com banca definida e publica\u00e7\u00e3o do edital prevista para os pr\u00f3ximos dias.<\/p>\n\n\n\n<p>Neste m\u00eas, os holofotes se voltam para o Tribunal Regional do Trabalho da 8\u00aa Regi\u00e3o (TRT 8), a Defensoria P\u00fablica do Distrito Federal (DPDF), Defensoria P\u00fablica da Para\u00edba, entre outros.<\/p>\n\n\n\n<p>As oportunidades contemplam candidatos com forma\u00e7\u00e3o superior em diferentes \u00e1reas, incluindo Direito, Administra\u00e7\u00e3o, Contabilidade, Tecnologia da Informa\u00e7\u00e3o, Psicologia, Servi\u00e7o Social e outras especialidades.<\/p>\n\n\n\n<p>A seguir, confira os principais <strong>concursos de Analista para ficar de olho em setembro de 2026<\/strong>, com situa\u00e7\u00e3o atual, vagas, cargos, bancas, remunera\u00e7\u00f5es e previs\u00e3o de edital.<\/p>\n\n\n\n<div class=\"wp-block-rank-math-toc-block\" id=\"rank-math-toc\"><h2>Navegue pelo \u00edndice<\/h2><nav><ul><li class=\"\"><a href=\"#concurso-publico-editais-de-analista-em-agosto\">Concurso p\u00fablico: editais de analista em setembro<\/a><ul><li class=\"\"><a href=\"#dpdf\">DPDF \u2013 banca definida<\/a><\/li><li class=\"\"><a href=\"#dpe-pb-banca-definida\">DPE PB \u2013 banca definida<\/a><\/li><li class=\"\"><a href=\"#dpe-am-banca-definida\">DPE AM \u2013 banca definida<\/a><\/li><li class=\"\"><a href=\"#tribunal-regional-do-trabalho-da-8-regiao-trt-8-banca-definida\">TRT 8 \u2013 banca definida<\/a><\/li><li class=\"\"><a href=\"#alepa-banca-definida\">ALEPA \u2013 banca definida<\/a><\/li><li class=\"\"><a href=\"#ipremb-banca-definida\">IPREMB \u2013 banca definida<\/a><\/li><\/ul><\/li><li class=\"\"><a href=\"#prepare-se-para-concursos-juridicos-com-o-magistrar\">Prepare-se para Concursos de Analista com o Magistrar!<\/a><\/li><\/ul><\/nav><\/div>\n\n\n\n<div style=\"text-align: center;margin: 30px 0;font-family: 'Segoe UI', Roboto, 'Helvetica Neue', sans-serif\">\n  <a href=\"https:\/\/instagram.com\/magistrarcursos\" target=\"_blank\" rel=\"noopener noreferrer\" style=\"align-items: center;gap: 12px;background-color: #000000;color: #D4AF37;padding: 14px 28px;border-radius: 50px;text-decoration: none;font-weight: bold;font-size: 1.2rem;letter-spacing: 1px;border: 1px solid #D4AF37\">\n    \n      \n      \n      \n    \n    <span>Siga @magistrarcursos<\/span>\n  <\/a>\n  <div style=\"margin-top: 12px;font-size: 0.85rem;color: #444;font-weight: 500\">\n    \ud83d\udcda Conte\u00fados di\u00e1rios, dicas de estudos e novidades sobre concursos jur\u00eddicos\n  <\/div>\n<\/div>\n\n\n\n<h2 class=\"wp-block-heading\" id=\"concurso-publico-editais-de-analista-em-agosto\">Concurso p\u00fablico: editais de analista em setembro<\/h2>\n\n\n\n<h3 class=\"wp-block-heading\" id=\"dpdf\">DPDF \u2013 banca definida<\/h3>\n\n\n\n<p>A Defensoria P\u00fablica do Distrito Federal (DPDF) n\u00e3o deve demorar a publicar o edital do seu&nbsp;<strong><a href=\"https:\/\/magistrarcursos.com.br\/blog\/concurso-dpdf\/\">concurso p\u00fablico<\/a><\/strong>&nbsp;para&nbsp;<strong>Analista de Apoio \u00e0 Assist\u00eancia Judici\u00e1ria<\/strong>. A banca escolhida foi o Instituto Access, com contrato firmado at\u00e9 mar\u00e7o de 2028.<\/p>\n\n\n\n<p>O concurso ter\u00e1, inicialmente, sete vagas imediatas e forma\u00e7\u00e3o de cadastro de reserva para as \u00e1reas de Direito, Contabilidade e Inform\u00e1tica (Banco de Dados, Desenvolvimento de Sistemas e Redes), por\u00e9m, em resposta ao Magistrar, a Defensoria informou que o <strong><a href=\"https:\/\/magistrarcursos.com.br\/blog\/concurso-dpdf-analista-o-que-falta-para-o-edital-veja-o-que-diz-a-defensoria\/\" target=\"_blank\" data-type=\"link\" data-id=\"https:\/\/magistrarcursos.com.br\/blog\/concurso-dpdf-analista-o-que-falta-para-o-edital-veja-o-que-diz-a-defensoria\/\" rel=\"noreferrer noopener\">quantitativo de vagas ainda est\u00e1 sendo definido<\/a><\/strong>.<\/p>\n\n\n\n<p><strong>Leia tamb\u00e9m:&nbsp;<a href=\"https:\/\/magistrarcursos.com.br\/blog\/concurso-dpdf-iniciais-acima-de-10-mil-veja-salarios-e-beneficios-novo-edital-em-breve\/\">Concurso DPDF: iniciais acima de R$ 10 mil? Veja sal\u00e1rios e benef\u00edcios; novo edital em breve!<\/a><\/strong><\/p>\n\n\n\n<p><strong>\u00daltimo edital:<\/strong>&nbsp;<a href=\"https:\/\/cdn.cebraspe.org.br\/concursos\/dpdf_20_analista\/arquivos\/ED_1_2020_DPDF_ANALISTA_ABERTURA.PDF\" target=\"_blank\" rel=\"noreferrer noopener\">DPDF Analista 2020<\/a><\/p>\n\n\n\n<figure class=\"wp-block-table\"><table class=\"has-fixed-layout\"><tbody><tr><td>Situa\u00e7\u00e3o:<\/td><td>Banca definida<\/td><\/tr><tr><td>Banca:<\/td><td>Instituto Access<\/td><\/tr><tr><td>Vagas:<\/td><td>7 + CR (previstas)<\/td><\/tr><tr><td>Cargos:<\/td><td>Analista de Apoio \u00e0 Assist\u00eancia Judici\u00e1ria<\/td><\/tr><tr><td>Sal\u00e1rio inicial:<\/td><td>R$ 8.731,96<\/td><\/tr><\/tbody><\/table><\/figure>\n\n\n\n<h3 class=\"wp-block-heading\" id=\"dpe-pb-banca-definida\">DPE PB \u2013 banca definida<\/h3>\n\n\n\n<p>O primeiro\u00a0<strong><a href=\"https:\/\/magistrarcursos.com.br\/blog\/concurso-dpe-pb\/\" target=\"_blank\" rel=\"noreferrer noopener\">concurso DPE PB<\/a><\/strong>\u00a0para servidores ser\u00e1 organizado pela banca FCC. Ao todo, s\u00e3o previstas 20 vagas imediatas e forma\u00e7\u00e3o de cadastro reserva. A previs\u00e3o informada pela Defensoria era de que o edital de abertura fosse publicado at\u00e9 o final de agosto, o que n\u00e3o aconteceu. Dessa forma, o documento pode sair a qualquer momento.<\/p>\n\n\n\n<figure class=\"wp-block-table\"><table class=\"has-fixed-layout\"><tbody><tr><td>Situa\u00e7\u00e3o:<\/td><td>Banca definida<\/td><\/tr><tr><td>Banca:<\/td><td>FCC<\/td><\/tr><tr><td>Vagas:<\/td><td>20 + CR (previstas)<\/td><\/tr><tr><td>Cargos:<\/td><td>T\u00e9cnico e&nbsp;<strong><a href=\"https:\/\/magistrarcursos.com.br\/blog\/analista-juridico-defensoria\/\">Analista da Defensoria<\/a><\/strong><\/td><\/tr><tr><td>Sal\u00e1rio inicial:<\/td><td>at\u00e9 R$ 4.500,00<\/td><\/tr><\/tbody><\/table><\/figure>\n\n\n\n<h3 class=\"wp-block-heading\" id=\"dpe-am-banca-definida\">DPE AM \u2013 banca definida<\/h3>\n\n\n\n<p>A&nbsp;<strong><a href=\"https:\/\/magistrarcursos.com.br\/blog\/concurso-dpe-am\/\" target=\"_blank\" rel=\"noreferrer noopener\">Defensoria P\u00fablica do Estado do Amazonas (DPE AM)<\/a><\/strong>&nbsp;oficializou a dispensa de licita\u00e7\u00e3o para contratar a&nbsp;Funda\u00e7\u00e3o Carlos Chagas (FCC) como banca organizadora do concurso para servidores.<\/p>\n\n\n\n<p>O\u00a0<strong><a href=\"https:\/\/magistrarcursos.com.br\/blog\/concurso-dpe-am-servidores-termo-de-referencia-detalha-cargos-e-vagas\/\" target=\"_blank\" rel=\"noreferrer noopener\">termo de refer\u00eancia<\/a><\/strong>\u00a0divulgado pela Defensoria confirma que a sele\u00e7\u00e3o ofertar\u00e1 5 vagas imediatas, al\u00e9m de forma\u00e7\u00e3o de cadastro reserva, para cargos de n\u00edvel m\u00e9dio e n\u00edvel superior, abrangendo \u00e1reas administrativas, jur\u00eddicas, t\u00e9cnicas e especializadas.<\/p>\n\n\n\n<figure class=\"wp-block-table\"><table class=\"has-fixed-layout\"><tbody><tr><td>Situa\u00e7\u00e3o:<\/td><td>Banca definida<\/td><\/tr><tr><td>Banca:<\/td><td>FCC<\/td><\/tr><tr><td>Vagas:<\/td><td>5 + CR<\/td><\/tr><tr><td>Cargos:<\/td><td>Analista Jur\u00eddico de Defensoria e outros<\/td><\/tr><tr><td>Sal\u00e1rio inicial:<\/td><td>at\u00e9 R$ 8.006,38<\/td><\/tr><\/tbody><\/table><\/figure>\n\n\n\n<h3 class=\"wp-block-heading\" id=\"tribunal-regional-do-trabalho-da-8-regiao-trt-8-banca-definida\">TRT 8 \u2013 banca definida<\/h3>\n\n\n\n<p>O\u00a0<strong><a href=\"https:\/\/magistrarcursos.com.br\/blog\/concurso-trt-8\/\" target=\"_blank\" rel=\"noreferrer noopener\">Tribunal Regional do Trabalho da 8\u00aa Regi\u00e3o (TRT 8)<\/a><\/strong>, com jurisdi\u00e7\u00e3o nos estados do Par\u00e1 e Amap\u00e1, anunciou a\u00a0Funda\u00e7\u00e3o Carlos Chagas (FCC) como a banca organizadora\u00a0do seu novo concurso para servidores. \u00a0Com a empresa j\u00e1 contratada, o edital pode ser publicado a qualquer momento.<\/p>\n\n\n\n<figure class=\"wp-block-table\"><table class=\"has-fixed-layout\"><tbody><tr><td>Situa\u00e7\u00e3o:<\/td><td>Banca definida<\/td><\/tr><tr><td>Banca:<\/td><td>FCC<\/td><\/tr><tr><td>Vagas:<\/td><td>CR<\/td><\/tr><tr><td>Cargos:<\/td><td>T\u00e9cnico, Analista Judici\u00e1rio e Oficial de Justi\u00e7a<\/td><\/tr><tr><td>Sal\u00e1rio inicial:<\/td><td>at\u00e9 R$ 18.380,18<\/td><\/tr><\/tbody><\/table><\/figure>\n\n\n\n<h3 class=\"wp-block-heading\" id=\"alepa-banca-definida\">ALEPA \u2013 banca definida<\/h3>\n\n\n\n<p>A Funda\u00e7\u00e3o CETAP foi contratada para organizar o&nbsp;<strong><a href=\"https:\/\/magistrarcursos.com.br\/blog\/concurso-alepa\/\" target=\"_blank\" rel=\"noreferrer noopener\">concurso ALEPA<\/a><\/strong>&nbsp;(Assembleia Legislativa do Estado do Par\u00e1) para servidores.<\/p>\n\n\n\n<p>De acordo com o contrato, ser\u00e3o ofertadas\u00a0<strong><a href=\"https:\/\/magistrarcursos.com.br\/blog\/concurso-alepa-servidores-135-vagas-de-niveis-medio-e-superior-edital-iminente\/\" target=\"_blank\" rel=\"noreferrer noopener\">135 vagas de n\u00edveis m\u00e9dio e superior<\/a><\/strong>\u00a0para os cargos de\u00a0<strong>Assessoramento Legislativo<\/strong>,\u00a0<strong>Analista Legislativo<\/strong>\u00a0e\u00a0<strong>Auxiliar T\u00e9cnico Legislativo<\/strong>, em diversas especialidades.<\/p>\n\n\n\n<figure class=\"wp-block-table\"><table class=\"has-fixed-layout\"><tbody><tr><td>Situa\u00e7\u00e3o:<\/td><td>Banca definida<\/td><\/tr><tr><td>Banca:<\/td><td>Funda\u00e7\u00e3o CETAP<\/td><\/tr><tr><td>Vagas:<\/td><td>135<\/td><\/tr><tr><td>Cargos:<\/td><td>Assessoramento Legislativo,\u00a0Analista Legislativo\u00a0e\u00a0Auxiliar T\u00e9cnico Legislativo<\/td><\/tr><tr><td>Sal\u00e1rio inicial:<\/td><td>a definir<\/td><\/tr><\/tbody><\/table><\/figure>\n\n\n\n<h3 class=\"wp-block-heading\" id=\"ipremb-banca-definida\">IPREMB \u2013 banca definida<\/h3>\n\n\n\n<p>O&nbsp;Instituto Consulplan foi definido como banca organizadora do&nbsp;<strong><a href=\"https:\/\/magistrarcursos.com.br\/blog\/concurso-ipremb\/\" target=\"_blank\" rel=\"noreferrer noopener\">concurso IPREMB<\/a><\/strong>&nbsp;(Instituto de Previd\u00eancia Social do Munic\u00edpio de Betim\/MG), que ofertar\u00e1 6 vagas imediatas e cadastro reserva para o cargo de Analista Jur\u00eddico.<\/p>\n\n\n\n<figure class=\"wp-block-table\"><table class=\"has-fixed-layout\"><tbody><tr><td>Situa\u00e7\u00e3o:<\/td><td>Banca definida<\/td><\/tr><tr><td>Banca:<\/td><td>Instituto Consulplan<\/td><\/tr><tr><td>Vagas:<\/td><td>6 + CR<\/td><\/tr><tr><td>Cargo:<\/td><td>Analista Jur\u00eddico<\/td><\/tr><tr><td>Sal\u00e1rio inicial:<\/td><td>a definir<\/td><\/tr><\/tbody><\/table><\/figure>\n\n\n\n<p><strong>Leia tamb\u00e9m:&nbsp;<a href=\"https:\/\/magistrarcursos.com.br\/blog\/concursos-oficial-justica\/\" target=\"_blank\" rel=\"noreferrer noopener\">Veja concursos Analista Judici\u00e1rio e Oficial de Justi\u00e7a para 2026<\/a><\/strong><\/p>\n\n\n\n<h2 class=\"wp-block-heading\" id=\"prepare-se-para-concursos-juridicos-com-o-magistrar\">Prepare-se para Concursos de Analista com o Magistrar!<\/h2>\n\n\n\n<p>Voc\u00ea n\u00e3o precisa de mais um curso. Voc\u00ea precisa de um sistema! O&nbsp;<strong>C\u00c9REBRO Magistrar<\/strong>&nbsp;organiza, qualifica e simplifica a sua prepara\u00e7\u00e3o para os concursos de analista.<\/p>\n\n\n\n<figure class=\"wp-block-image size-full\"><a href=\"https:\/\/t.magistrarcursos.com.br\/cerebro-analistas\/?utm_source=blog\" target=\"_blank\" rel=\" noreferrer noopener\"><img fetchpriority=\"high\" decoding=\"async\" width=\"640\" height=\"200\" src=\"https:\/\/magistrarcursos.com.br\/blog\/wp-content\/uploads\/2026\/03\/cerebro-analistas.webp\" alt=\"\" class=\"wp-image-35357\" srcset=\"https:\/\/magistrarcursos.com.br\/blog\/wp-content\/uploads\/2026\/03\/cerebro-analistas.webp 640w, https:\/\/magistrarcursos.com.br\/blog\/wp-content\/uploads\/2026\/03\/cerebro-analistas-300x94.webp 300w\" sizes=\"(max-width: 640px) 100vw, 640px\" \/><\/a><\/figure>\n\n\n\n<p><\/p>\n","protected":false},"excerpt":{"rendered":"<p>Concursos para Analista t\u00eam oportunidades em Tribunais, Defensorias e outros \u00f3rg\u00e3os p\u00fablicos; sal\u00e1rios chegam a mais de R$ 18 mil <\/p>\n","protected":false},"author":18,"featured_media":25603,"comment_status":"closed","ping_status":"closed","sticky":false,"template":"","format":"standard","meta":{"footnotes":""},"categories":[48,119],"tags":[],"class_list":["post-45539","post","type-post","status-publish","format-standard","has-post-thumbnail","hentry","category-noticias","category-analistas"],"_links":{"self":[{"href":"https:\/\/magistrarcursos.com.br\/blog\/wp-json\/wp\/v2\/posts\/45539","targetHints":{"allow":["GET"]}}],"collection":[{"href":"https:\/\/magistrarcursos.com.br\/blog\/wp-json\/wp\/v2\/posts"}],"about":[{"href":"https:\/\/magistrarcursos.com.br\/blog\/wp-json\/wp\/v2\/types\/post"}],"author":[{"embeddable":true,"href":"https:\/\/magistrarcursos.com.br\/blog\/wp-json\/wp\/v2\/users\/18"}],"replies":[{"embeddable":true,"href":"https:\/\/magistrarcursos.com.br\/blog\/wp-json\/wp\/v2\/comments?post=45539"}],"version-history":[{"count":1,"href":"https:\/\/magistrarcursos.com.br\/blog\/wp-json\/wp\/v2\/posts\/45539\/revisions"}],"predecessor-version":[{"id":45541,"href":"https:\/\/magistrarcursos.com.br\/blog\/wp-json\/wp\/v2\/posts\/45539\/revisions\/45541"}],"wp:featuredmedia":[{"embeddable":true,"href":"https:\/\/magistrarcursos.com.br\/blog\/wp-json\/wp\/v2\/media\/25603"}],"wp:attachment":[{"href":"https:\/\/magistrarcursos.com.br\/blog\/wp-json\/wp\/v2\/media?parent=45539"}],"wp:term":[{"taxonomy":"category","embeddable":true,"href":"https:\/\/magistrarcursos.com.br\/blog\/wp-json\/wp\/v2\/categories?post=45539"},{"taxonomy":"post_tag","embeddable":true,"href":"https:\/\/magistrarcursos.com.br\/blog\/wp-json\/wp\/v2\/tags?post=45539"}],"curies":[{"name":"wp","href":"https:\/\/api.w.org\/{rel}","templated":true}]}}