{"id":45545,"date":"2026-09-01T10:38:59","date_gmt":"2026-09-01T13:38:59","guid":{"rendered":"https:\/\/magistrarcursos.com.br\/blog\/?p=45545"},"modified":"2026-09-01T10:39:36","modified_gmt":"2026-09-01T13:39:36","slug":"concursos-juridicos-melhores-editais-e-oportunidades-em-setembro-de-2026","status":"publish","type":"post","link":"https:\/\/magistrarcursos.com.br\/blog\/concursos-juridicos-melhores-editais-e-oportunidades-em-setembro-de-2026\/","title":{"rendered":"Concursos jur\u00eddicos: melhores editais e oportunidades em setembro de 2026"},"content":{"rendered":"\n<p>Setembro de 2026 come\u00e7a com boas oportunidades para quem busca uma carreira p\u00fablica na <strong><a href=\"https:\/\/magistrarcursos.com.br\/blog\/como-estudar-concurso-magistratura\/\" target=\"_blank\" data-type=\"link\" data-id=\"https:\/\/magistrarcursos.com.br\/blog\/como-estudar-concurso-magistratura\/\" rel=\"noreferrer noopener\">\u00e1rea jur\u00eddica<\/a><\/strong>. H\u00e1 concursos com <strong>editais publicados e inscri\u00e7\u00f5es abertas<\/strong>, como o TRF5 e o TJ RS, al\u00e9m de diversas sele\u00e7\u00f5es que j\u00e1 contam com banca organizadora definida e est\u00e3o pr\u00f3ximas da publica\u00e7\u00e3o do edital.<\/p>\n\n\n\n<p>Entre as principais oportunidades est\u00e3o concursos para <strong><a href=\"https:\/\/magistrarcursos.com.br\/blog\/concursos-juiz\/\" target=\"_blank\" data-type=\"link\" data-id=\"https:\/\/magistrarcursos.com.br\/blog\/concursos-juiz\/\" rel=\"noreferrer noopener\">Juiz Federal<\/a> e <a href=\"https:\/\/magistrarcursos.com.br\/blog\/juiz-de-direito-o-que-faz-salario-e-como-se-tornar-um\/\" target=\"_blank\" data-type=\"link\" data-id=\"https:\/\/magistrarcursos.com.br\/blog\/juiz-de-direito-o-que-faz-salario-e-como-se-tornar-um\/\" rel=\"noreferrer noopener\">Juiz de Direito<\/a>, <a href=\"https:\/\/magistrarcursos.com.br\/blog\/procurador\/\" target=\"_blank\" data-type=\"link\" data-id=\"https:\/\/magistrarcursos.com.br\/blog\/procurador\/\" rel=\"noreferrer noopener\">Procurador<\/a>, <a href=\"https:\/\/magistrarcursos.com.br\/blog\/defensor-publico\/\" target=\"_blank\" data-type=\"link\" data-id=\"https:\/\/magistrarcursos.com.br\/blog\/defensor-publico\/\" rel=\"noreferrer noopener\">Defensor P\u00fablico<\/a>, <a href=\"https:\/\/magistrarcursos.com.br\/blog\/analista-judiciario\/\" target=\"_blank\" data-type=\"link\" data-id=\"https:\/\/magistrarcursos.com.br\/blog\/analista-judiciario\/\" rel=\"noreferrer noopener\">Analista Judici\u00e1rio<\/a> e <a href=\"https:\/\/magistrarcursos.com.br\/blog\/analista-juridico-defensoria\/\" target=\"_blank\" data-type=\"link\" data-id=\"https:\/\/magistrarcursos.com.br\/blog\/analista-juridico-defensoria\/\" rel=\"noreferrer noopener\">Analista de Defensoria<\/a><\/strong>. As remunera\u00e7\u00f5es iniciais chegam a <strong>R$ 41.845,48<\/strong>, no caso do concurso para Procurador de Contas do Maranh\u00e3o.<\/p>\n\n\n\n<p>Para quem est\u00e1 se preparando para concursos jur\u00eddicos, o momento \u00e9 de aten\u00e7\u00e3o: alguns certames j\u00e1 t\u00eam datas de prova definidas, enquanto outros est\u00e3o em fase avan\u00e7ada de organiza\u00e7\u00e3o.<\/p>\n\n\n\n<p>A seguir, confira os <strong>melhores concursos jur\u00eddicos para acompanhar em setembro de 2026<\/strong>, com situa\u00e7\u00e3o atual, banca, vagas, remunera\u00e7\u00e3o e previs\u00e3o de edital.<\/p>\n\n\n\n<div class=\"wp-block-rank-math-toc-block\" id=\"rank-math-toc\"><h2>Navegue pelo \u00edndice<\/h2><nav><ul><li class=\"\"><a href=\"#concursos-juridicos-juiz\">Concursos Jur\u00eddicos: Juiz<\/a><ul><li class=\"\"><a href=\"#trf-5-juiz-banca-definida\">TRF5 Juiz \u2013 inscri\u00e7\u00f5es abertas<\/a><\/li><li class=\"\"><a href=\"#tj-rs-juiz-banca-definida\">TJ RS Juiz \u2013 edital publicado<\/a><\/li><li class=\"\"><a href=\"#tj-dft-juiz-banca-definida\">TJ DFT Juiz \u2013 banca definida<\/a><\/li><li class=\"\"><a href=\"#tj-ap-juiz-banca-definida\">TJ AP Juiz &#8211; banca definida<\/a><\/li><\/ul><\/li><li class=\"\"><a href=\"#concursos-juridicos-procurador\">Concursos Jur\u00eddicos: Procurador<\/a><ul><li class=\"\"><a href=\"#tce-ma-procurador-banca-definida\">TCE MA Procurador \u2013 banca definida<\/a><\/li><li class=\"\"><a href=\"#pgm-curitiba-pr-banca-definida\">PGM Curitiba (PR) \u2013 banca definida<\/a><\/li><li class=\"\"><a href=\"#pgm-apucarana-pr-banca-definida\">PGM Apucarana (PR) \u2013 banca definida<\/a><\/li><li class=\"\"><a href=\"#camara-de-salesopolis-sp-banca-definida\">C\u00e2mara de Sales\u00f3polis (SP) \u2013 banca definida<\/a><\/li><\/ul><\/li><li class=\"\"><a href=\"#concursos-juridicos-defensor\">Concursos Jur\u00eddicos: Defensor<\/a><ul><li class=\"\"><a href=\"#dpe-sp-banca-definida\">DPE SP \u2013 banca definida<\/a><\/li><li class=\"\"><a href=\"#dpe-rn-banca-definida\">DPE RN &#8211; banca definida<\/a><\/li><\/ul><\/li><li class=\"\"><a href=\"#concursos-juridicos-analista\">Concursos Jur\u00eddicos: Analista<\/a><ul><li class=\"\"><a href=\"#dpdf\">DPDF \u2013 banca definida<\/a><\/li><li class=\"\"><a href=\"#dpe-pb-banca-definida\">DPE PB \u2013 banca definida<\/a><\/li><li class=\"\"><a href=\"#dpe-am-banca-definida\">DPE AM \u2013 banca definida<\/a><\/li><li class=\"\"><a href=\"#tribunal-regional-do-trabalho-da-8-regiao-trt-8-banca-definida\">TRT 8 \u2013 banca definida<\/a><\/li><li class=\"\"><a href=\"#ipremb-banca-definida\">IPREMB \u2013 banca definida<\/a><\/li><\/ul><\/li><\/ul><\/nav><\/div>\n\n\n\n<div style=\"text-align: center;margin: 30px 0;font-family: 'Segoe UI', Roboto, 'Helvetica Neue', sans-serif\">\n  <a href=\"https:\/\/instagram.com\/magistrarcursos\" target=\"_blank\" rel=\"noopener noreferrer\" style=\"align-items: center;gap: 12px;background-color: #000000;color: #D4AF37;padding: 14px 28px;border-radius: 50px;text-decoration: none;font-weight: bold;font-size: 1.2rem;letter-spacing: 1px;border: 1px solid #D4AF37\">\n    \n      \n      \n      \n    \n    <span>Siga @magistrarcursos<\/span>\n  <\/a>\n  <div style=\"margin-top: 12px;font-size: 0.85rem;color: #444;font-weight: 500\">\n    \ud83d\udcda Conte\u00fados di\u00e1rios, dicas de estudos e novidades sobre concursos jur\u00eddicos\n  <\/div>\n<\/div>\n\n\n\n<h2 class=\"wp-block-heading\" id=\"concursos-juridicos-juiz\">Concursos Jur\u00eddicos: Juiz<\/h2>\n\n\n\n<h3 class=\"wp-block-heading\" id=\"trf-5-juiz-banca-definida\">TRF5 Juiz \u2013 inscri\u00e7\u00f5es abertas<\/h3>\n\n\n\n<p>O&nbsp;<a href=\"https:\/\/magistrarcursos.com.br\/blog\/concurso-trf5-juiz\/\" target=\"_blank\" rel=\"noreferrer noopener\">concurso para Juiz Federal Substituto do Tribunal Regional Federal da 5\u00aa Regi\u00e3o&nbsp;<\/a> \u00e9 organizado pela Funda\u00e7\u00e3o Get\u00falio Vargas (FGV). O certame oferta&nbsp;<strong>11 vagas&nbsp;<\/strong>+ CR para a magistratura federal, com remunera\u00e7\u00e3o inicial de&nbsp;R$ 37.765,55. As inscri\u00e7\u00f5es podem ser feitas at\u00e9 o dia 28 de setembro, a taxa \u00e9 de R$ 350,00.<\/p>\n\n\n\n<p>Confira o&nbsp;<strong><a href=\"https:\/\/www.in.gov.br\/web\/dou\/-\/edital-n-1-de-17-de-agosto-de-2026-726162418\" target=\"_blank\" rel=\"noreferrer noopener\">Edital TRF5<\/a><\/strong>!<\/p>\n\n\n\n<figure class=\"wp-block-table\"><table class=\"has-fixed-layout\"><tbody><tr><td>Situa\u00e7\u00e3o:<\/td><td>Inscri\u00e7\u00f5es abertas<\/td><\/tr><tr><td>Banca:<\/td><td>FGV<\/td><\/tr><tr><td>Vagas:<\/td><td>11 + CR<\/td><\/tr><tr><td>Cargo:<\/td><td>&nbsp;Juiz Federal Substituto<\/td><\/tr><tr><td>Inscri\u00e7\u00f5es:<\/td><td>28\/8 a 28\/9<\/td><\/tr><tr><td>Taxa:<\/td><td>R$ 350,00<\/td><\/tr><tr><td>Prova objetiva:<\/td><td>29 de novembro de 2026<\/td><\/tr><tr><td>Prova escrita:<\/td><td>21 e 22 de fevereiro de 2027<\/td><\/tr><tr><td>Sal\u00e1rio inicial:<\/td><td>R$ 37.765,55<\/td><\/tr><\/tbody><\/table><\/figure>\n\n\n\n<h3 class=\"wp-block-heading\" id=\"tj-rs-juiz-banca-definida\">TJ RS Juiz \u2013 edital publicado<\/h3>\n\n\n\n<p>O&nbsp;<a href=\"https:\/\/magistrarcursos.com.br\/blog\/concurso-tjrs-juiz\/\" target=\"_blank\" rel=\"noreferrer noopener\">concurso do Tribunal de Justi\u00e7a do Rio Grande do Sul (TJ RS)<\/a>&nbsp;para o cargo de Juiz Substituto teve seu edital publicado, ofertando 30 vagas imediatas e cadastro reserva. As inscri\u00e7\u00f5es ficar\u00e3o abertas entre&nbsp;15 de setembro e 14 de outubro de 2026, mediante pagamento da taxa de&nbsp;R$ 305.<\/p>\n\n\n\n<p>Confira o <strong><a href=\"https:\/\/magistrarcursos.com.br\/blog\/wp-content\/uploads\/2026\/08\/edital-TJRS.pdf\" target=\"_blank\" data-type=\"link\" data-id=\"https:\/\/magistrarcursos.com.br\/blog\/wp-content\/uploads\/2026\/08\/edital-TJRS.pdf\" rel=\"noreferrer noopener\">edital TJRS<\/a><\/strong>!<\/p>\n\n\n\n<figure class=\"wp-block-table\"><table class=\"has-fixed-layout\"><tbody><tr><td>Situa\u00e7\u00e3o:<\/td><td>Edital publicado<\/td><\/tr><tr><td>Banca:<\/td><td>FGV<\/td><\/tr><tr><td>Vagas:<\/td><td>30 + CR<\/td><\/tr><tr><td>Cargo:<\/td><td>Juiz Substituto<\/td><\/tr><tr><td>Inscri\u00e7\u00f5es:<\/td><td>15 de setembro a 14 de outubro de 2026<\/td><\/tr><tr><td>Taxa:<\/td><td>R$ 305,00<\/td><\/tr><tr><td>Prova objetiva:<\/td><td>13 de dezembro de 2026<\/td><\/tr><tr><td>Sal\u00e1rio inicial:<\/td><td>R$ 30.505,36<\/td><\/tr><\/tbody><\/table><\/figure>\n\n\n\n<h3 class=\"wp-block-heading\" id=\"tj-dft-juiz-banca-definida\">TJ DFT Juiz \u2013 banca definida<\/h3>\n\n\n\n<p>O&nbsp;<a href=\"https:\/\/magistrarcursos.com.br\/blog\/concurso-tjdft-juiz\/\" target=\"_blank\" rel=\"noreferrer noopener\">concurso do Tribunal de Justi\u00e7a do Distrito Federal e dos Territ\u00f3rios (TJ DFT)<\/a>&nbsp;j\u00e1 est\u00e1 autorizado para o cargo de Juiz de Direito Substituto. Segundo informa\u00e7\u00f5es do pr\u00f3prio tribunal, a estrutura do edital j\u00e1 est\u00e1 praticamente pronta.&nbsp;<\/p>\n\n\n\n<p><strong>\u00daltimo edital:&nbsp;<\/strong><a href=\"https:\/\/www.tjdft.jus.br\/informacoes\/concursos\/juiz-de-direito-substituto\/edital-no-1-2022-xliv-concurso-publico-para-provimento-de-cargos-de-juiz-de-direito-substituto-do-tjdft.pdf]\" target=\"_blank\" rel=\"noreferrer noopener\">TJ DFT Juiz 2022<\/a><\/p>\n\n\n\n<figure class=\"wp-block-table\"><table class=\"has-fixed-layout\"><tbody><tr><td>Situa\u00e7\u00e3o:<\/td><td>Banca definida<\/td><\/tr><tr><td>Banca:<\/td><td>Cebraspe<\/td><\/tr><tr><td>Vagas:<\/td><td>24 (aproximadamente)<\/td><\/tr><tr><td>Cargo:<\/td><td>Juiz de Direito Substituto<\/td><\/tr><tr><td>Sal\u00e1rio inicial:<\/td><td>R$ 37.765,55<\/td><\/tr><\/tbody><\/table><\/figure>\n\n\n\n<h3 class=\"wp-block-heading\" id=\"tj-ap-juiz-banca-definida\">TJ AP Juiz &#8211; banca definida<\/h3>\n\n\n\n<p>O <strong><a href=\"https:\/\/magistrarcursos.com.br\/blog\/concurso-tj-ap-juiz\/\" target=\"_blank\" data-type=\"link\" data-id=\"https:\/\/magistrarcursos.com.br\/blog\/concurso-tj-ap-juiz\/\" rel=\"noreferrer noopener\">concurso do Tribunal de Justi\u00e7a do Amap\u00e1 (TJ AP)<\/a><\/strong> ter\u00e1 a FGV como banca organizadora. O certame dever\u00e1 oferecer&nbsp;<strong>15 vagas imediatas&nbsp;<\/strong>para Juiz de Direito Substituto, al\u00e9m da forma\u00e7\u00e3o de cadastro de reserva.<\/p>\n\n\n\n<figure class=\"wp-block-table\"><table class=\"has-fixed-layout\"><tbody><tr><td>Situa\u00e7\u00e3o:<\/td><td>Banca definida<\/td><\/tr><tr><td>Banca:<\/td><td>FGV<\/td><\/tr><tr><td>Vagas:<\/td><td>15 + CR<\/td><\/tr><tr><td>Cargo:<\/td><td>Juiz de Direito Substituto<\/td><\/tr><tr><td>Sal\u00e1rio inicial:<\/td><td>R$ 35.877,27<\/td><\/tr><\/tbody><\/table><\/figure>\n\n\n\n<h2 class=\"wp-block-heading\" id=\"concursos-juridicos-procurador\">Concursos Jur\u00eddicos: Procurador<\/h2>\n\n\n\n<h3 class=\"wp-block-heading\" id=\"tce-ma-procurador-banca-definida\">TCE MA Procurador \u2013 banca definida<\/h3>\n\n\n\n<p>O Cebraspe foi oficialmente escolhido para conduzir o novo&nbsp;<strong><a href=\"https:\/\/magistrarcursos.com.br\/blog\/concurso-mpc-ma-procurador\/\">concurso do Tribunal de Contas do Estado do Maranh\u00e3o (TCE MA)<\/a><\/strong>. A sele\u00e7\u00e3o deve contemplar<strong>&nbsp;1 vaga para o cargo de Procurador de Contas&nbsp;<\/strong>do Estado, carreira jur\u00eddica com remunera\u00e7\u00e3o inicial de&nbsp;<strong>R$ 41.845,48<\/strong>.<\/p>\n\n\n\n<figure class=\"wp-block-table\"><table class=\"has-fixed-layout\"><tbody><tr><td>Situa\u00e7\u00e3o:<\/td><td>Banca definida<\/td><\/tr><tr><td>Banca:<\/td><td>Cebraspe<\/td><\/tr><tr><td>Vagas:<\/td><td>1<\/td><\/tr><tr><td>Cargo:<\/td><td>Procurador de Contas do Estado<\/td><\/tr><tr><td>Sal\u00e1rio inicial:<\/td><td>R$ 41.845,48<\/td><\/tr><\/tbody><\/table><\/figure>\n\n\n\n<h3 class=\"wp-block-heading\" id=\"pgm-curitiba-pr-banca-definida\">PGM Curitiba (PR) \u2013 banca definida<\/h3>\n\n\n\n<p>A Prefeitura de Curitiba deu mais um passo rumo \u00e0 realiza\u00e7\u00e3o de um novo&nbsp;<strong><a href=\"https:\/\/magistrarcursos.com.br\/blog\/concurso-pgm-curitiba\/\" target=\"_blank\" rel=\"noreferrer noopener\">concurso para a Procuradoria-Geral do Munic\u00edpio (PGM Curitiba)<\/a><\/strong>, com a contrata\u00e7\u00e3o da Funda\u00e7\u00e3o de Apoio \u00e0 Universidade Estadual do Paran\u00e1 (FAFIPA) para organizar o certame.<\/p>\n\n\n\n<figure class=\"wp-block-table\"><table class=\"has-fixed-layout\"><tbody><tr><td>Situa\u00e7\u00e3o:<\/td><td>Banca definida<\/td><\/tr><tr><td>Banca:<\/td><td>FAFIPA<\/td><\/tr><tr><td>Vagas:<\/td><td>a definir<\/td><\/tr><tr><td>Cargo:<\/td><td>Procurador do Munic\u00edpio<\/td><\/tr><tr><td>Sal\u00e1rio inicial:<\/td><td>R$ 24.646,08<\/td><\/tr><\/tbody><\/table><\/figure>\n\n\n\n<h3 class=\"wp-block-heading\" id=\"pgm-apucarana-pr-banca-definida\">PGM Apucarana (PR) \u2013 banca definida<\/h3>\n\n\n\n<p>A Prefeitura de Apucarana\/PR oficializou a contrata\u00e7\u00e3o da Funda\u00e7\u00e3o de Apoio ao Desenvolvimento da Universidade Estadual do Centro-Oeste (FAU) para organiza\u00e7\u00e3o do novo&nbsp;<strong><a href=\"https:\/\/magistrarcursos.com.br\/blog\/concurso-pgm-apucarana\/\" target=\"_blank\" rel=\"noreferrer noopener\">concurso p\u00fablico da Procuradoria-Geral do Munic\u00edpio<\/a><\/strong>.<\/p>\n\n\n\n<p>A sele\u00e7\u00e3o contar\u00e1 com 1 vaga imediata, al\u00e9m de forma\u00e7\u00e3o de cadastro de reserva.<\/p>\n\n\n\n<figure class=\"wp-block-table\"><table class=\"has-fixed-layout\"><tbody><tr><td>Situa\u00e7\u00e3o:<\/td><td>Banca definida<\/td><\/tr><tr><td>Banca:<\/td><td>FAU<\/td><\/tr><tr><td>Vagas:<\/td><td>1 + CR<\/td><\/tr><tr><td>Cargo:<\/td><td>Procurador Jur\u00eddico<\/td><\/tr><tr><td>Sal\u00e1rio inicial:<\/td><td>at\u00e9 R$ 25 mil<\/td><\/tr><\/tbody><\/table><\/figure>\n\n\n\n<h3 class=\"wp-block-heading\" id=\"camara-de-salesopolis-sp-banca-definida\">C\u00e2mara de Sales\u00f3polis (SP) \u2013 banca definida<\/h3>\n\n\n\n<p>A C\u00e2mara Municipal da Est\u00e2ncia Tur\u00edstica de Sales\u00f3polis, em S\u00e3o Paulo, avan\u00e7ou nos preparativos do novo&nbsp;<strong><a href=\"https:\/\/magistrarcursos.com.br\/blog\/concurso-procurador-salesopolis-sp\/\" target=\"_blank\" rel=\"noreferrer noopener\">concurso<\/a><\/strong>, com a defini\u00e7\u00e3o do IGECS \u2013 Instituto de Gest\u00e3o de Cidades como banca organizadora da sele\u00e7\u00e3o.<\/p>\n\n\n\n<p>O concurso prev\u00ea forma\u00e7\u00e3o de cadastro reserva para o cargo de&nbsp;Procurador&nbsp;Jur\u00eddico Legislativo, al\u00e9m de outros cargos do quadro da C\u00e2mara Municipal.&nbsp;<\/p>\n\n\n\n<figure class=\"wp-block-table\"><table class=\"has-fixed-layout\"><tbody><tr><td>Situa\u00e7\u00e3o:<\/td><td>Banca definida<\/td><\/tr><tr><td>Banca:<\/td><td>IGECS<\/td><\/tr><tr><td>Vagas:<\/td><td>CR<\/td><\/tr><tr><td>Cargo:<\/td><td>Procurador Jur\u00eddico Legislativo<\/td><\/tr><tr><td>Sal\u00e1rio inicial:<\/td><td>R$ 6.528,88<\/td><\/tr><\/tbody><\/table><\/figure>\n\n\n\n<h2 class=\"wp-block-heading\" id=\"concursos-juridicos-defensor\">Concursos Jur\u00eddicos: Defensor<\/h2>\n\n\n\n<h3 class=\"wp-block-heading\" id=\"dpe-sp-banca-definida\">DPE SP \u2013 banca definida<\/h3>\n\n\n\n<p>A Funda\u00e7\u00e3o Carlos Chagas (FCC)&nbsp;foi definida como banca organizadora do&nbsp;<strong><a href=\"https:\/\/magistrarcursos.com.br\/blog\/concurso-dpe-sp-defensor\/\" target=\"_blank\" rel=\"noreferrer noopener\">Concurso da Defensoria P\u00fablica do Estado de S\u00e3o Paulo (DPE SP)<\/a><\/strong>&nbsp;para o cargo de Defensor P\u00fablico.<\/p>\n\n\n\n<figure class=\"wp-block-table\"><table class=\"has-fixed-layout\"><tbody><tr><td>Situa\u00e7\u00e3o:<\/td><td>Banca definida<\/td><\/tr><tr><td>Banca:<\/td><td>FCC<\/td><\/tr><tr><td>Vagas:<\/td><td>70<\/td><\/tr><tr><td>Cargo:<\/td><td>Defensor P\u00fablico<\/td><\/tr><tr><td>Sal\u00e1rio inicial:<\/td><td>R$ 29.716,00<\/td><\/tr><\/tbody><\/table><\/figure>\n\n\n\n<h3 class=\"wp-block-heading\" id=\"dpe-rn-banca-definida\">DPE RN &#8211; banca definida<\/h3>\n\n\n\n<p>O Cebraspe foi definido como banca organizadora do <strong><a href=\"https:\/\/magistrarcursos.com.br\/blog\/concurso-dpe-rn-defensor\/\" data-type=\"link\" data-id=\"https:\/\/magistrarcursos.com.br\/blog\/concurso-dpe-rn-defensor\/\" target=\"_blank\" rel=\"noreferrer noopener\">concurso DPE RN<\/a><\/strong> (Defensoria P\u00fablica do Estado do Rio Grande do Norte). S\u00e3o previstas <strong>10 vagas imediatas<\/strong>, al\u00e9m de forma\u00e7\u00e3o de cadastro de reserva, para Defensor P\u00fablico Substituto.<\/p>\n\n\n\n<figure class=\"wp-block-table\"><table class=\"has-fixed-layout\"><tbody><tr><td>Situa\u00e7\u00e3o:<\/td><td>Banca definida<\/td><\/tr><tr><td>Banca:<\/td><td>Cebrsape<\/td><\/tr><tr><td>Vagas:<\/td><td>10 + CR (previstas)<\/td><\/tr><tr><td>Cargo:<\/td><td>Defensor P\u00fablico Substituto<\/td><\/tr><tr><td>Sal\u00e1rio inicial:<\/td><td>R$ 32.379,22<\/td><\/tr><\/tbody><\/table><\/figure>\n\n\n\n<h2 class=\"wp-block-heading\" id=\"concursos-juridicos-analista\">Concursos Jur\u00eddicos: Analista<\/h2>\n\n\n\n<h3 class=\"wp-block-heading\" id=\"dpdf\">DPDF \u2013 banca definida<\/h3>\n\n\n\n<p>A Defensoria P\u00fablica do Distrito Federal (DPDF) n\u00e3o deve demorar a publicar o edital do seu&nbsp;<strong><a href=\"https:\/\/magistrarcursos.com.br\/blog\/concurso-dpdf\/\">concurso p\u00fablico<\/a><\/strong>&nbsp;para&nbsp;<strong>Analista de Apoio \u00e0 Assist\u00eancia Judici\u00e1ria<\/strong>. A banca escolhida foi o Instituto Access, com contrato firmado at\u00e9 mar\u00e7o de 2028.<\/p>\n\n\n\n<p>O concurso ter\u00e1, inicialmente, sete vagas imediatas e forma\u00e7\u00e3o de cadastro de reserva para as \u00e1reas de Direito, Contabilidade e Inform\u00e1tica (Banco de Dados, Desenvolvimento de Sistemas e Redes), por\u00e9m, em resposta ao Magistrar, a Defensoria informou que o&nbsp;<strong><a href=\"https:\/\/magistrarcursos.com.br\/blog\/concurso-dpdf-analista-o-que-falta-para-o-edital-veja-o-que-diz-a-defensoria\/\" target=\"_blank\" rel=\"noreferrer noopener\">quantitativo de vagas ainda est\u00e1 sendo definido<\/a><\/strong>.<\/p>\n\n\n\n<p><strong>Leia tamb\u00e9m:&nbsp;<a href=\"https:\/\/magistrarcursos.com.br\/blog\/concurso-dpdf-iniciais-acima-de-10-mil-veja-salarios-e-beneficios-novo-edital-em-breve\/\">Concurso DPDF: iniciais acima de R$ 10 mil? Veja sal\u00e1rios e benef\u00edcios; novo edital em breve!<\/a><\/strong><\/p>\n\n\n\n<p><strong>\u00daltimo edital:<\/strong>&nbsp;<a href=\"https:\/\/cdn.cebraspe.org.br\/concursos\/dpdf_20_analista\/arquivos\/ED_1_2020_DPDF_ANALISTA_ABERTURA.PDF\" target=\"_blank\" rel=\"noreferrer noopener\">DPDF Analista 2020<\/a><\/p>\n\n\n\n<figure class=\"wp-block-table\"><table class=\"has-fixed-layout\"><tbody><tr><td>Situa\u00e7\u00e3o:<\/td><td>Banca definida<\/td><\/tr><tr><td>Banca:<\/td><td>Instituto Access<\/td><\/tr><tr><td>Vagas:<\/td><td>7 + CR (previstas)<\/td><\/tr><tr><td>Cargos:<\/td><td>Analista de Apoio \u00e0 Assist\u00eancia Judici\u00e1ria<\/td><\/tr><tr><td>Sal\u00e1rio inicial:<\/td><td>R$ 8.731,96<\/td><\/tr><\/tbody><\/table><\/figure>\n\n\n\n<h3 class=\"wp-block-heading\" id=\"dpe-pb-banca-definida\">DPE PB \u2013 banca definida<\/h3>\n\n\n\n<p>O primeiro&nbsp;<strong><a href=\"https:\/\/magistrarcursos.com.br\/blog\/concurso-dpe-pb\/\" target=\"_blank\" rel=\"noreferrer noopener\">concurso DPE PB<\/a><\/strong>&nbsp;para servidores ser\u00e1 organizado pela banca FCC. Ao todo, s\u00e3o previstas 20 vagas imediatas e forma\u00e7\u00e3o de cadastro reserva. A previs\u00e3o informada pela Defensoria era de que o edital de abertura fosse publicado at\u00e9 o final de agosto, o que n\u00e3o aconteceu. Dessa forma, o documento pode sair a qualquer momento.<\/p>\n\n\n\n<figure class=\"wp-block-table\"><table class=\"has-fixed-layout\"><tbody><tr><td>Situa\u00e7\u00e3o:<\/td><td>Banca definida<\/td><\/tr><tr><td>Banca:<\/td><td>FCC<\/td><\/tr><tr><td>Vagas:<\/td><td>20 + CR (previstas)<\/td><\/tr><tr><td>Cargos:<\/td><td>T\u00e9cnico e&nbsp;<strong><a href=\"https:\/\/magistrarcursos.com.br\/blog\/analista-juridico-defensoria\/\">Analista da Defensoria<\/a><\/strong><\/td><\/tr><tr><td>Sal\u00e1rio inicial:<\/td><td>at\u00e9 R$ 4.500,00<\/td><\/tr><\/tbody><\/table><\/figure>\n\n\n\n<h3 class=\"wp-block-heading\" id=\"dpe-am-banca-definida\">DPE AM \u2013 banca definida<\/h3>\n\n\n\n<p>A&nbsp;<strong><a href=\"https:\/\/magistrarcursos.com.br\/blog\/concurso-dpe-am\/\" target=\"_blank\" rel=\"noreferrer noopener\">Defensoria P\u00fablica do Estado do Amazonas (DPE AM)<\/a><\/strong>&nbsp;oficializou a dispensa de licita\u00e7\u00e3o para contratar a&nbsp;Funda\u00e7\u00e3o Carlos Chagas (FCC) como banca organizadora do concurso para servidores.<\/p>\n\n\n\n<p>O&nbsp;<strong><a href=\"https:\/\/magistrarcursos.com.br\/blog\/concurso-dpe-am-servidores-termo-de-referencia-detalha-cargos-e-vagas\/\" target=\"_blank\" rel=\"noreferrer noopener\">termo de refer\u00eancia<\/a><\/strong>&nbsp;divulgado pela Defensoria confirma que a sele\u00e7\u00e3o ofertar\u00e1 5 vagas imediatas, al\u00e9m de forma\u00e7\u00e3o de cadastro reserva, para cargos de n\u00edvel m\u00e9dio e n\u00edvel superior, abrangendo \u00e1reas administrativas, jur\u00eddicas, t\u00e9cnicas e especializadas.<\/p>\n\n\n\n<figure class=\"wp-block-table\"><table class=\"has-fixed-layout\"><tbody><tr><td>Situa\u00e7\u00e3o:<\/td><td>Banca definida<\/td><\/tr><tr><td>Banca:<\/td><td>FCC<\/td><\/tr><tr><td>Vagas:<\/td><td>5 + CR<\/td><\/tr><tr><td>Cargos:<\/td><td><strong><a href=\"https:\/\/magistrarcursos.com.br\/blog\/analista-juridico-defensoria\/\" target=\"_blank\" data-type=\"link\" data-id=\"https:\/\/magistrarcursos.com.br\/blog\/analista-juridico-defensoria\/\" rel=\"noreferrer noopener\">Analista Jur\u00eddico de Defensoria<\/a><\/strong> e outros<\/td><\/tr><tr><td>Sal\u00e1rio inicial:<\/td><td>at\u00e9 R$ 8.006,38<\/td><\/tr><\/tbody><\/table><\/figure>\n\n\n\n<h3 class=\"wp-block-heading\" id=\"tribunal-regional-do-trabalho-da-8-regiao-trt-8-banca-definida\">TRT 8 \u2013 banca definida<\/h3>\n\n\n\n<p>O&nbsp;<strong><a href=\"https:\/\/magistrarcursos.com.br\/blog\/concurso-trt-8\/\" target=\"_blank\" rel=\"noreferrer noopener\">Tribunal Regional do Trabalho da 8\u00aa Regi\u00e3o (TRT 8)<\/a><\/strong>, com jurisdi\u00e7\u00e3o nos estados do Par\u00e1 e Amap\u00e1, anunciou a&nbsp;Funda\u00e7\u00e3o Carlos Chagas (FCC) como a banca organizadora&nbsp;do seu novo concurso para servidores. &nbsp;Com a empresa j\u00e1 contratada, o edital pode ser publicado a qualquer momento.<\/p>\n\n\n\n<figure class=\"wp-block-table\"><table class=\"has-fixed-layout\"><tbody><tr><td>Situa\u00e7\u00e3o:<\/td><td>Banca definida<\/td><\/tr><tr><td>Banca:<\/td><td>FCC<\/td><\/tr><tr><td>Vagas:<\/td><td>CR<\/td><\/tr><tr><td>Cargos:<\/td><td>T\u00e9cnico, Analista Judici\u00e1rio e Oficial de Justi\u00e7a<\/td><\/tr><tr><td>Sal\u00e1rio inicial:<\/td><td>at\u00e9 R$ 18.380,18<\/td><\/tr><\/tbody><\/table><\/figure>\n\n\n\n<h3 class=\"wp-block-heading\" id=\"ipremb-banca-definida\">IPREMB \u2013 banca definida<\/h3>\n\n\n\n<p>O&nbsp;Instituto Consulplan foi definido como banca organizadora do&nbsp;<strong><a href=\"https:\/\/magistrarcursos.com.br\/blog\/concurso-ipremb\/\" target=\"_blank\" rel=\"noreferrer noopener\">concurso IPREMB<\/a><\/strong>&nbsp;(Instituto de Previd\u00eancia Social do Munic\u00edpio de Betim\/MG), que ofertar\u00e1 6 vagas imediatas e cadastro reserva para o cargo de Analista Jur\u00eddico.<\/p>\n\n\n\n<figure class=\"wp-block-table\"><table class=\"has-fixed-layout\"><tbody><tr><td>Situa\u00e7\u00e3o:<\/td><td>Banca definida<\/td><\/tr><tr><td>Banca:<\/td><td>Instituto Consulplan<\/td><\/tr><tr><td>Vagas:<\/td><td>6 + CR<\/td><\/tr><tr><td>Cargo:<\/td><td>Analista Jur\u00eddico<\/td><\/tr><tr><td>Sal\u00e1rio inicial:<\/td><td>a definir<\/td><\/tr><\/tbody><\/table><\/figure>\n\n\n\n<figure class=\"wp-block-image size-full\"><a href=\"https:\/\/t.magistrarcursos.com.br\/cerebro-juridico\/?utm_source=blog\" target=\"_blank\" rel=\" noreferrer noopener\"><img fetchpriority=\"high\" decoding=\"async\" width=\"800\" height=\"237\" src=\"https:\/\/magistrarcursos.com.br\/blog\/wp-content\/uploads\/2026\/04\/banner-vitalicia-cerebro.webp\" alt=\"\" class=\"wp-image-34598\" srcset=\"https:\/\/magistrarcursos.com.br\/blog\/wp-content\/uploads\/2026\/04\/banner-vitalicia-cerebro.webp 800w, https:\/\/magistrarcursos.com.br\/blog\/wp-content\/uploads\/2026\/04\/banner-vitalicia-cerebro-300x89.webp 300w, https:\/\/magistrarcursos.com.br\/blog\/wp-content\/uploads\/2026\/04\/banner-vitalicia-cerebro-768x228.webp 768w\" sizes=\"(max-width: 800px) 100vw, 800px\" \/><\/a><\/figure>\n\n\n\n<p><\/p>\n","protected":false},"excerpt":{"rendered":"<p>Setembro reune oportunidades para Juiz, Procurador, Defensor e Analista. Veja os editais publicados, concursos com banca definida, vagas e sal\u00e1rios<\/p>\n","protected":false},"author":18,"featured_media":26083,"comment_status":"closed","ping_status":"closed","sticky":false,"template":"","format":"standard","meta":{"footnotes":""},"categories":[48,106,104,108],"tags":[],"class_list":["post-45545","post","type-post","status-publish","format-standard","has-post-thumbnail","hentry","category-noticias","category-defensoria-publica","category-magistraturas","category-procuradorias"],"_links":{"self":[{"href":"https:\/\/magistrarcursos.com.br\/blog\/wp-json\/wp\/v2\/posts\/45545","targetHints":{"allow":["GET"]}}],"collection":[{"href":"https:\/\/magistrarcursos.com.br\/blog\/wp-json\/wp\/v2\/posts"}],"about":[{"href":"https:\/\/magistrarcursos.com.br\/blog\/wp-json\/wp\/v2\/types\/post"}],"author":[{"embeddable":true,"href":"https:\/\/magistrarcursos.com.br\/blog\/wp-json\/wp\/v2\/users\/18"}],"replies":[{"embeddable":true,"href":"https:\/\/magistrarcursos.com.br\/blog\/wp-json\/wp\/v2\/comments?post=45545"}],"version-history":[{"count":2,"href":"https:\/\/magistrarcursos.com.br\/blog\/wp-json\/wp\/v2\/posts\/45545\/revisions"}],"predecessor-version":[{"id":45557,"href":"https:\/\/magistrarcursos.com.br\/blog\/wp-json\/wp\/v2\/posts\/45545\/revisions\/45557"}],"wp:featuredmedia":[{"embeddable":true,"href":"https:\/\/magistrarcursos.com.br\/blog\/wp-json\/wp\/v2\/media\/26083"}],"wp:attachment":[{"href":"https:\/\/magistrarcursos.com.br\/blog\/wp-json\/wp\/v2\/media?parent=45545"}],"wp:term":[{"taxonomy":"category","embeddable":true,"href":"https:\/\/magistrarcursos.com.br\/blog\/wp-json\/wp\/v2\/categories?post=45545"},{"taxonomy":"post_tag","embeddable":true,"href":"https:\/\/magistrarcursos.com.br\/blog\/wp-json\/wp\/v2\/tags?post=45545"}],"curies":[{"name":"wp","href":"https:\/\/api.w.org\/{rel}","templated":true}]}}