{"id":45566,"date":"2026-09-01T11:57:48","date_gmt":"2026-09-01T14:57:48","guid":{"rendered":"https:\/\/magistrarcursos.com.br\/blog\/?p=45566"},"modified":"2026-09-01T11:57:48","modified_gmt":"2026-09-01T14:57:48","slug":"concursos-federais-ploa-2027-preve-53-530-vagas-confira-a-distribuicao","status":"publish","type":"post","link":"https:\/\/magistrarcursos.com.br\/blog\/concursos-federais-ploa-2027-preve-53-530-vagas-confira-a-distribuicao\/","title":{"rendered":"Concursos federais: PLOA 2027 prev\u00ea 53.530 vagas; confira a distribui\u00e7\u00e3o!"},"content":{"rendered":"\n<p>Os <strong>concursos federais<\/strong> podem ter novas oportunidades em 2027. O Governo Federal apresentou, na segunda-feira (31\/8), o <strong><a href=\"https:\/\/www.gov.br\/planejamento\/pt-br\/assuntos\/orcamento\/orcamentos-anuais\/2027\/ploa-2027\" target=\"_blank\" data-type=\"link\" data-id=\"https:\/\/www.gov.br\/planejamento\/pt-br\/assuntos\/orcamento\/orcamentos-anuais\/2027\/ploa-2027\" rel=\"noreferrer noopener\">Projeto de Lei Or\u00e7ament\u00e1ria Anual (PLOA) de 2027<\/a><\/strong>, documento que estabelece a previs\u00e3o de receitas e despesas da Uni\u00e3o para o pr\u00f3ximo exerc\u00edcio.<\/p>\n\n\n\n<p>Entre os dados de interesse dos concurseiros est\u00e1 a previs\u00e3o de <strong>53.530 vagas relacionadas \u00e0 cria\u00e7\u00e3o e ao provimento de cargos, fun\u00e7\u00f5es e gratifica\u00e7\u00f5es<\/strong>. Desse total, <strong>48.826 s\u00e3o destinadas a provimentos e 4.704 \u00e0 cria\u00e7\u00e3o<\/strong>.<\/p>\n\n\n\n<p>Os n\u00fameros constam do <strong><a href=\"https:\/\/magistrarcursos.com.br\/blog\/wp-content\/uploads\/2026\/09\/PLOA-2027-PROVIMENTO-1.pdf\" target=\"_blank\" data-type=\"link\" data-id=\"https:\/\/magistrarcursos.com.br\/blog\/wp-content\/uploads\/2026\/09\/PLOA-2027-PROVIMENTO-1.pdf\" rel=\"noreferrer noopener\">Anexo V do PLOA 2027<\/a><\/strong>, que re\u00fane as autoriza\u00e7\u00f5es espec\u00edficas relacionadas \u00e0s despesas de pessoal e encargos sociais para o pr\u00f3ximo ano.<\/p>\n\n\n\n<p>A proposta ainda ser\u00e1 analisada pelo Congresso Nacional e poder\u00e1 sofrer altera\u00e7\u00f5es durante sua tramita\u00e7\u00e3o. Portanto, a previs\u00e3o or\u00e7ament\u00e1ria <strong>n\u00e3o representa, por si s\u00f3, garantia de publica\u00e7\u00e3o de novos editais ou de nomea\u00e7\u00e3o de aprovados<\/strong>.<\/p>\n\n\n\n<div style=\"text-align: center;margin: 30px 0;font-family: 'Segoe UI', Roboto, 'Helvetica Neue', sans-serif\">\n  <a href=\"https:\/\/instagram.com\/magistrarcursos\" target=\"_blank\" rel=\"noopener noreferrer\" style=\"align-items: center;gap: 12px;background-color: #000000;color: #D4AF37;padding: 14px 28px;border-radius: 50px;text-decoration: none;font-weight: bold;font-size: 1.2rem;letter-spacing: 1px;border: 1px solid #D4AF37\">\n    \n      \n      \n      \n    \n    <span>Siga @magistrarcursos<\/span>\n  <\/a>\n  <div style=\"margin-top: 12px;font-size: 0.85rem;color: #444;font-weight: 500\">\n    \ud83d\udcda Conte\u00fados di\u00e1rios, dicas de estudos e novidades sobre concursos jur\u00eddicos\n  <\/div>\n<\/div>\n\n\n\n<h2 class=\"wp-block-heading\">Concursos federais: veja a distribui\u00e7\u00e3o das 53.530 vagas<\/h2>\n\n\n\n<p>A maior parte das oportunidades previstas no PLOA 2027 est\u00e1 concentrada no <strong>Poder Executivo<\/strong>, que re\u00fane 47.609 vagas.<\/p>\n\n\n\n<p>Confira a distribui\u00e7\u00e3o:<\/p>\n\n\n\n<figure class=\"wp-block-table\"><table class=\"has-fixed-layout\"><thead><tr><th>Poder\/\u00f3rg\u00e3o<\/th><th>Cria\u00e7\u00e3o<\/th><th>Provimento<\/th><th>Total<\/th><\/tr><\/thead><tbody><tr><td><strong>Poder Executivo<\/strong><\/td><td>2.745<\/td><td>44.864<\/td><td><strong>47.609<\/strong><\/td><\/tr><tr><td><strong>Poder Judici\u00e1rio<\/strong><\/td><td>1.868<\/td><td>3.263<\/td><td><strong>5.131<\/strong><\/td><\/tr><tr><td><strong>Poder Legislativo<\/strong><\/td><td>\u2014<\/td><td>330<\/td><td><strong>330<\/strong><\/td><\/tr><tr><td><strong>Defensoria P\u00fablica da Uni\u00e3o<\/strong><\/td><td>91<\/td><td>92<\/td><td><strong>183<\/strong><\/td><\/tr><tr><td><strong>Minist\u00e9rio P\u00fablico da Uni\u00e3o<\/strong><\/td><td>\u2014<\/td><td>277<\/td><td><strong>277<\/strong><\/td><\/tr><tr><td><strong>Total<\/strong><\/td><td><strong>4.704<\/strong><\/td><td><strong>48.826<\/strong><\/td><td><strong>53.530<\/strong><\/td><\/tr><\/tbody><\/table><\/figure>\n\n\n\n<p>Os quantitativos constam do <strong><a href=\"https:\/\/magistrarcursos.com.br\/blog\/wp-content\/uploads\/2026\/09\/PLOA-2027-PROVIMENTO-1.pdf\" target=\"_blank\" data-type=\"link\" data-id=\"https:\/\/magistrarcursos.com.br\/blog\/wp-content\/uploads\/2026\/09\/PLOA-2027-PROVIMENTO-1.pdf\" rel=\"noreferrer noopener\">Anexo V do projeto or\u00e7ament\u00e1rio<\/a><\/strong>.<\/p>\n\n\n\n<p><strong>Leia tamb\u00e9m:&nbsp;<a href=\"https:\/\/magistrarcursos.com.br\/blog\/concurso-publico-em-ano-eleitoral-entenda-as-regras-para-2026\/\">Pode ter concurso p\u00fablico em ano eleitoral? Entenda as regras para 2026!<\/a><\/strong><\/p>\n\n\n\n<h3 class=\"wp-block-heading\">Poder Executivo concentra 47,6 mil vagas<\/h3>\n\n\n\n<p>O <strong>Poder Executivo<\/strong> concentra a maior parcela das oportunidades previstas para 2027, com <strong>47.609 vagas<\/strong>, sendo <strong>44.864 para provimento<\/strong> e <strong>2.745 para cria\u00e7\u00e3o<\/strong>.<\/p>\n\n\n\n<p>O quantitativo abrange autoriza\u00e7\u00f5es relacionadas \u00e0 cria\u00e7\u00e3o e ao provimento de cargos e fun\u00e7\u00f5es civis, al\u00e9m de outras previs\u00f5es or\u00e7ament\u00e1rias vinculadas ao funcionalismo federal.<\/p>\n\n\n\n<p>\u00c9 importante destacar que o PLOA n\u00e3o significa que todas essas vagas ser\u00e3o transformadas em concursos p\u00fablicos. A distribui\u00e7\u00e3o efetiva entre \u00f3rg\u00e3os, carreiras e cargos depende das decis\u00f5es administrativas e das autoriza\u00e7\u00f5es correspondentes.<\/p>\n\n\n\n<figure class=\"wp-block-image aligncenter size-full is-resized\"><img fetchpriority=\"high\" decoding=\"async\" width=\"588\" height=\"317\" src=\"https:\/\/magistrarcursos.com.br\/blog\/wp-content\/uploads\/2026\/09\/poder-executivo.png\" alt=\"\" class=\"wp-image-45569\" style=\"width:510px;height:auto\" srcset=\"https:\/\/magistrarcursos.com.br\/blog\/wp-content\/uploads\/2026\/09\/poder-executivo.png 588w, https:\/\/magistrarcursos.com.br\/blog\/wp-content\/uploads\/2026\/09\/poder-executivo-300x162.png 300w\" sizes=\"(max-width: 588px) 100vw, 588px\" \/><\/figure>\n\n\n\n<h3 class=\"wp-block-heading\">Poder Judici\u00e1rio tem previs\u00e3o de 5.131 vagas<\/h3>\n\n\n\n<p>O <strong>Poder Judici\u00e1rio<\/strong> aparece em segundo lugar, com <strong>5.131 vagas previstas<\/strong>, sendo:<\/p>\n\n\n\n<ul class=\"wp-block-list\">\n<li><strong>3.263 para provimento<\/strong>;<\/li>\n\n\n\n<li><strong>1.868 para cria\u00e7\u00e3o<\/strong>.<\/li>\n<\/ul>\n\n\n\n<p>O Anexo V tamb\u00e9m detalha previs\u00f5es relacionadas a diferentes ramos da Justi\u00e7a, incluindo Justi\u00e7a Federal, Justi\u00e7a do Trabalho, Justi\u00e7a Eleitoral, Justi\u00e7a Militar da Uni\u00e3o, Justi\u00e7a do Distrito Federal e Territ\u00f3rios, al\u00e9m dos tribunais superiores e demais \u00f3rg\u00e3os do Judici\u00e1rio.<\/p>\n\n\n\n<figure class=\"wp-block-image aligncenter size-full is-resized\"><img decoding=\"async\" width=\"588\" height=\"546\" src=\"https:\/\/magistrarcursos.com.br\/blog\/wp-content\/uploads\/2026\/09\/poder-judiciario.png\" alt=\"\" class=\"wp-image-45570\" style=\"width:458px;height:auto\" srcset=\"https:\/\/magistrarcursos.com.br\/blog\/wp-content\/uploads\/2026\/09\/poder-judiciario.png 588w, https:\/\/magistrarcursos.com.br\/blog\/wp-content\/uploads\/2026\/09\/poder-judiciario-300x279.png 300w\" sizes=\"(max-width: 588px) 100vw, 588px\" \/><\/figure>\n\n\n\n<h3 class=\"wp-block-heading\">Legislativo prev\u00ea 330 provimentos<\/h3>\n\n\n\n<p>Para o <strong>Poder Legislativo<\/strong>, o PLOA 2027 prev\u00ea <strong>330 vagas para provimento<\/strong>, sem previs\u00e3o de cria\u00e7\u00e3o no quadro apresentado.<\/p>\n\n\n\n<p>Desse total, est\u00e3o previstas:<\/p>\n\n\n\n<ul class=\"wp-block-list\">\n<li><strong>237 vagas para a C\u00e2mara dos Deputados<\/strong>;<\/li>\n\n\n\n<li><strong>50 vagas para o Senado Federal<\/strong>;<\/li>\n\n\n\n<li><strong>43 vagas para o Tribunal de Contas da Uni\u00e3o (TCU)<\/strong>.<\/li>\n<\/ul>\n\n\n\n<p>Os quantitativos aparecem discriminados no Anexo V do projeto.<\/p>\n\n\n\n<p>A previs\u00e3o \u00e9 especialmente relevante para quem acompanha os pr\u00f3ximos <strong>concursos federais<\/strong> do Legislativo, j\u00e1 que parte dos provimentos pode estar relacionada \u00e0 recomposi\u00e7\u00e3o de cargos vagos.<\/p>\n\n\n\n<figure class=\"wp-block-image aligncenter size-full is-resized\"><img decoding=\"async\" width=\"585\" height=\"190\" src=\"https:\/\/magistrarcursos.com.br\/blog\/wp-content\/uploads\/2026\/09\/poder-legislativo.png\" alt=\"\" class=\"wp-image-45571\" style=\"width:495px;height:auto\" srcset=\"https:\/\/magistrarcursos.com.br\/blog\/wp-content\/uploads\/2026\/09\/poder-legislativo.png 585w, https:\/\/magistrarcursos.com.br\/blog\/wp-content\/uploads\/2026\/09\/poder-legislativo-300x97.png 300w\" sizes=\"(max-width: 585px) 100vw, 585px\" \/><\/figure>\n\n\n\n<h3 class=\"wp-block-heading\">DPU tem previs\u00e3o de 183 vagas<\/h3>\n\n\n\n<p>A <strong>Defensoria P\u00fablica da Uni\u00e3o (DPU)<\/strong> conta com <strong>183 vagas previstas<\/strong>, sendo:<\/p>\n\n\n\n<ul class=\"wp-block-list\">\n<li><strong>92 para provimento<\/strong>;<\/li>\n\n\n\n<li><strong>91 para cria\u00e7\u00e3o<\/strong>.<\/li>\n<\/ul>\n\n\n\n<p>O detalhamento do Anexo V contempla a DPU e suas previs\u00f5es de cria\u00e7\u00e3o e provimento de cargos.<\/p>\n\n\n\n<figure class=\"wp-block-image aligncenter size-full is-resized\"><img loading=\"lazy\" decoding=\"async\" width=\"588\" height=\"143\" src=\"https:\/\/magistrarcursos.com.br\/blog\/wp-content\/uploads\/2026\/09\/Defensoria.png\" alt=\"\" class=\"wp-image-45573\" style=\"width:510px;height:auto\" srcset=\"https:\/\/magistrarcursos.com.br\/blog\/wp-content\/uploads\/2026\/09\/Defensoria.png 588w, https:\/\/magistrarcursos.com.br\/blog\/wp-content\/uploads\/2026\/09\/Defensoria-300x73.png 300w\" sizes=\"(max-width: 588px) 100vw, 588px\" \/><\/figure>\n\n\n\n<h3 class=\"wp-block-heading\">MPU prev\u00ea 277 provimentos<\/h3>\n\n\n\n<p>J\u00e1 o <strong>Minist\u00e9rio P\u00fablico da Uni\u00e3o (MPU)<\/strong> aparece com <strong>277 vagas para provimento<\/strong>.<\/p>\n\n\n\n<p>O documento detalha, entre outras unidades, as seguintes previs\u00f5es:<\/p>\n\n\n\n<ul class=\"wp-block-list\">\n<li><strong>Minist\u00e9rio P\u00fablico Federal (MPF): 233 vagas<\/strong>;<\/li>\n\n\n\n<li><strong>Minist\u00e9rio P\u00fablico Militar (MPM): 10 vagas<\/strong>;<\/li>\n\n\n\n<li><strong>Minist\u00e9rio P\u00fablico do Distrito Federal e dos Territ\u00f3rios (MPDFT): 20 vagas<\/strong>;<\/li>\n\n\n\n<li><strong>Minist\u00e9rio P\u00fablico do Trabalho (MPT): 5 vagas<\/strong>.<\/li>\n<\/ul>\n\n\n\n<p>Os n\u00fameros constam das previs\u00f5es de cargos vagos apresentadas no Anexo V.<\/p>\n\n\n\n<figure class=\"wp-block-image aligncenter size-full is-resized\"><img loading=\"lazy\" decoding=\"async\" width=\"588\" height=\"285\" src=\"https:\/\/magistrarcursos.com.br\/blog\/wp-content\/uploads\/2026\/09\/1.png\" alt=\"\" class=\"wp-image-45574\" style=\"width:456px;height:auto\" srcset=\"https:\/\/magistrarcursos.com.br\/blog\/wp-content\/uploads\/2026\/09\/1.png 588w, https:\/\/magistrarcursos.com.br\/blog\/wp-content\/uploads\/2026\/09\/1-300x145.png 300w\" sizes=\"(max-width: 588px) 100vw, 588px\" \/><\/figure>\n\n\n\n<h2 class=\"wp-block-heading\">O que significa a previs\u00e3o de 53.530 vagas?<\/h2>\n\n\n\n<p>Para quem estuda para <strong>concursos federais<\/strong>, a inclus\u00e3o de vagas no PLOA \u00e9 um indicador importante de planejamento do governo para o quadro de pessoal da Uni\u00e3o.<\/p>\n\n\n\n<p>Entretanto, \u00e9 fundamental entender a diferen\u00e7a entre <strong>previs\u00e3o or\u00e7ament\u00e1ria, autoriza\u00e7\u00e3o, edital e nomea\u00e7\u00e3o<\/strong>.<\/p>\n\n\n\n<p>A presen\u00e7a de determinado quantitativo no or\u00e7amento n\u00e3o significa que o \u00f3rg\u00e3o esteja automaticamente autorizado a realizar um concurso. Tamb\u00e9m n\u00e3o significa que um edital ser\u00e1 publicado para cada uma das vagas.<\/p>\n\n\n\n<p>No caso do Anexo V, o documento trata de <strong>autoriza\u00e7\u00f5es espec\u00edficas para despesas de pessoal e encargos sociais<\/strong>, incluindo cria\u00e7\u00e3o e\/ou provimento de cargos, fun\u00e7\u00f5es e gratifica\u00e7\u00f5es.<\/p>\n\n\n\n<p>Por isso, o concurseiro deve acompanhar as etapas posteriores: autoriza\u00e7\u00f5es, atos dos \u00f3rg\u00e3os, forma\u00e7\u00e3o de comiss\u00e3o, contrata\u00e7\u00e3o da banca organizadora e, finalmente, publica\u00e7\u00e3o do edital.<\/p>\n\n\n\n<p><strong>Leia tamb\u00e9m: <a href=\"https:\/\/magistrarcursos.com.br\/blog\/como-nascem-os-concursos-publicos-federais-o-passo-a-passo-que-voce-precisa-conhecer\/\" data-type=\"link\" data-id=\"https:\/\/magistrarcursos.com.br\/blog\/como-nascem-os-concursos-publicos-federais-o-passo-a-passo-que-voce-precisa-conhecer\/\" target=\"_blank\" rel=\"noreferrer noopener\">Como nascem os concursos p\u00fablicos federais? O passo a passo que voc\u00ea precisa conhecer<\/a><\/strong><\/p>\n\n\n\n<h2 class=\"wp-block-heading\">PLOA 2027 ainda precisa ser aprovado<\/h2>\n\n\n\n<p>O <strong>Projeto de Lei Or\u00e7ament\u00e1ria Anual<\/strong> \u00e9 uma proposta. Ap\u00f3s o envio ao Congresso Nacional, o texto passa pelo processo legislativo de an\u00e1lise, podendo receber emendas e altera\u00e7\u00f5es antes da aprova\u00e7\u00e3o definitiva.<\/p>\n\n\n\n<p>Somente ap\u00f3s a aprova\u00e7\u00e3o e a san\u00e7\u00e3o presidencial \u00e9 que o projeto se transforma na <strong>Lei Or\u00e7ament\u00e1ria Anual (LOA)<\/strong>, que orientar\u00e1 a execu\u00e7\u00e3o do or\u00e7amento federal.<\/p>\n\n\n\n<p>O Minist\u00e9rio do Planejamento e Or\u00e7amento disponibilizou a documenta\u00e7\u00e3o oficial do PLOA 2027 e os pain\u00e9is com os principais n\u00fameros da proposta.<\/p>\n\n\n\n<h2 class=\"wp-block-heading\">Cen\u00e1rio fiscal pode limitar novas contrata\u00e7\u00f5es<\/h2>\n\n\n\n<p>Apesar da previs\u00e3o de vagas, o cen\u00e1rio fiscal tamb\u00e9m deve ser considerado por quem acompanha os <strong>concursos federais<\/strong>.<\/p>\n\n\n\n<p>Segundo o Governo Federal, como houve d\u00e9ficit prim\u00e1rio em 2025, o crescimento real das despesas com pessoal e encargos em 2027 ficar\u00e1 limitado a <strong>0,6%<\/strong>, exclu\u00eddas as senten\u00e7as judiciais. O governo tamb\u00e9m informou que o PLOA 2027 prev\u00ea limite de <strong>R$ 2,576 trilh\u00f5es para as despesas prim\u00e1rias<\/strong>.<\/p>\n\n\n\n<p>Isso significa que a previs\u00e3o de vagas deve ser analisada em conjunto com as regras fiscais e com as prioridades estabelecidas para cada \u00f3rg\u00e3o.<\/p>\n\n\n\n<p><strong>Leia tamb\u00e9m: <a href=\"https:\/\/magistrarcursos.com.br\/blog\/ansiedade-e-estudos-como-o-estresse-afeta-a-memoria-e-o-desempenho-nos-concursos\/\" data-type=\"link\" data-id=\"https:\/\/magistrarcursos.com.br\/blog\/ansiedade-e-estudos-como-o-estresse-afeta-a-memoria-e-o-desempenho-nos-concursos\/\" target=\"_blank\" rel=\"noreferrer noopener\">Ansiedade e estudos: como o estresse afeta a mem\u00f3ria e o desempenho nos concursos<\/a><\/strong><\/p>\n\n\n\n<h2 class=\"wp-block-heading\">Como o PLOA 2027 impacta os concurseiros?<\/h2>\n\n\n\n<p>Na pr\u00e1tica, o or\u00e7amento serve como um dos indicadores que devem ser acompanhados por quem pretende ingressar no servi\u00e7o p\u00fablico federal.<\/p>\n\n\n\n<p>A previs\u00e3o de <strong>48.826 provimentos<\/strong> mostra que existe espa\u00e7o or\u00e7ament\u00e1rio projetado para o preenchimento de cargos em diferentes \u00e1reas da Administra\u00e7\u00e3o P\u00fablica, enquanto as <strong>4.704 vagas para cria\u00e7\u00e3o<\/strong> apontam para a possibilidade de expans\u00e3o de determinadas estruturas.<\/p>\n\n\n\n<p>Mas o caminho at\u00e9 o edital pode envolver outras etapas.<\/p>\n\n\n\n<p>Por isso, quem deseja aproveitar as oportunidades de <strong>concursos federais em 2027<\/strong> n\u00e3o deve esperar a publica\u00e7\u00e3o dos editais para come\u00e7ar a estudar. A an\u00e1lise do or\u00e7amento, combinada com o acompanhamento das autoriza\u00e7\u00f5es e dos concursos j\u00e1 previstos, pode ajudar a identificar carreiras com maior potencial de oportunidades.<\/p>\n\n\n\n<figure class=\"wp-block-image size-full\"><a href=\"https:\/\/t.magistrarcursos.com.br\/cerebro-juridico\/?utm_source=blog\" target=\"_blank\" rel=\" noreferrer noopener\"><img loading=\"lazy\" decoding=\"async\" width=\"800\" height=\"237\" src=\"https:\/\/magistrarcursos.com.br\/blog\/wp-content\/uploads\/2026\/04\/banner-vitalicia-cerebro.webp\" alt=\"\" class=\"wp-image-34598\" srcset=\"https:\/\/magistrarcursos.com.br\/blog\/wp-content\/uploads\/2026\/04\/banner-vitalicia-cerebro.webp 800w, https:\/\/magistrarcursos.com.br\/blog\/wp-content\/uploads\/2026\/04\/banner-vitalicia-cerebro-300x89.webp 300w, https:\/\/magistrarcursos.com.br\/blog\/wp-content\/uploads\/2026\/04\/banner-vitalicia-cerebro-768x228.webp 768w\" sizes=\"(max-width: 800px) 100vw, 800px\" \/><\/a><\/figure>\n\n\n\n<p><\/p>\n","protected":false},"excerpt":{"rendered":"<p>Projeto de Lei Or\u00e7ament\u00e1ria Anual prev\u00ea 48.826 provimentos e 4.704 cargos para cria\u00e7\u00e3o nos Poderes Executivo, Legislativo e Judici\u00e1rio, al\u00e9m de DPU e MPU<\/p>\n","protected":false},"author":18,"featured_media":28992,"comment_status":"closed","ping_status":"closed","sticky":false,"template":"","format":"standard","meta":{"footnotes":""},"categories":[48,119,106,104,115],"tags":[],"class_list":["post-45566","post","type-post","status-publish","format-standard","has-post-thumbnail","hentry","category-noticias","category-analistas","category-defensoria-publica","category-magistraturas","category-ministerio-publico"],"_links":{"self":[{"href":"https:\/\/magistrarcursos.com.br\/blog\/wp-json\/wp\/v2\/posts\/45566","targetHints":{"allow":["GET"]}}],"collection":[{"href":"https:\/\/magistrarcursos.com.br\/blog\/wp-json\/wp\/v2\/posts"}],"about":[{"href":"https:\/\/magistrarcursos.com.br\/blog\/wp-json\/wp\/v2\/types\/post"}],"author":[{"embeddable":true,"href":"https:\/\/magistrarcursos.com.br\/blog\/wp-json\/wp\/v2\/users\/18"}],"replies":[{"embeddable":true,"href":"https:\/\/magistrarcursos.com.br\/blog\/wp-json\/wp\/v2\/comments?post=45566"}],"version-history":[{"count":1,"href":"https:\/\/magistrarcursos.com.br\/blog\/wp-json\/wp\/v2\/posts\/45566\/revisions"}],"predecessor-version":[{"id":45576,"href":"https:\/\/magistrarcursos.com.br\/blog\/wp-json\/wp\/v2\/posts\/45566\/revisions\/45576"}],"wp:featuredmedia":[{"embeddable":true,"href":"https:\/\/magistrarcursos.com.br\/blog\/wp-json\/wp\/v2\/media\/28992"}],"wp:attachment":[{"href":"https:\/\/magistrarcursos.com.br\/blog\/wp-json\/wp\/v2\/media?parent=45566"}],"wp:term":[{"taxonomy":"category","embeddable":true,"href":"https:\/\/magistrarcursos.com.br\/blog\/wp-json\/wp\/v2\/categories?post=45566"},{"taxonomy":"post_tag","embeddable":true,"href":"https:\/\/magistrarcursos.com.br\/blog\/wp-json\/wp\/v2\/tags?post=45566"}],"curies":[{"name":"wp","href":"https:\/\/api.w.org\/{rel}","templated":true}]}}