{"id":45601,"date":"2026-09-01T12:48:48","date_gmt":"2026-09-01T15:48:48","guid":{"rendered":"https:\/\/magistrarcursos.com.br\/blog\/?p=45601"},"modified":"2026-09-01T12:48:48","modified_gmt":"2026-09-01T15:48:48","slug":"concurso-sefaz-ce-edital-e-retificado-e-novo-cronograma-e-divulgado-veja-proximas-datas","status":"publish","type":"post","link":"https:\/\/magistrarcursos.com.br\/blog\/concurso-sefaz-ce-edital-e-retificado-e-novo-cronograma-e-divulgado-veja-proximas-datas\/","title":{"rendered":"Concurso SEFAZ CE: edital \u00e9 retificado e novo cronograma \u00e9 divulgado; veja pr\u00f3ximas datas"},"content":{"rendered":"\n<p>A <a href=\"https:\/\/magistrarcursos.com.br\/blog\/concurso-sefaz-ce\/\" target=\"_blank\" rel=\"noreferrer noopener\"><strong>Secretaria da Fazenda do Estado do Cear\u00e1 (SEFAZ CE)<\/strong><\/a> publicou o <strong>Edital n\u00ba 05\/2026 de retifica\u00e7\u00e3o<\/strong>, que altera o cronograma de provas e publica\u00e7\u00f5es do concurso para <a href=\"https:\/\/magistrarcursos.com.br\/blog\/auditor-fiscal\/\" target=\"_blank\" rel=\"noreferrer noopener\">Auditor-Fiscal da Fazenda Estadual<\/a>. A atualiza\u00e7\u00e3o foi assinada em <strong>28 de agosto de 2026<\/strong> e modifica as datas das pr\u00f3ximas etapas da sele\u00e7\u00e3o.<\/p>\n\n\n\n<p>As provas objetiva e discursiva do concurso j\u00e1 foram aplicadas nos dias <strong>1\u00ba e 2 de agosto de 2026<\/strong>, em Fortaleza. Com a nova programa\u00e7\u00e3o, o <strong>resultado preliminar das provas objetiva e discursiva<\/strong> est\u00e1 previsto para <strong>9 de setembro<\/strong>. Os candidatos poder\u00e3o consultar as folhas de respostas e apresentar recursos nos dias <strong>10 e 11 de setembro<\/strong>.<\/p>\n\n\n\n<p>O resultado definitivo das provas ser\u00e1 publicado em <strong>7 de outubro<\/strong>, juntamente com a convoca\u00e7\u00e3o para a comiss\u00e3o de heteroidentifica\u00e7\u00e3o dos candidatos autodeclarados negros, a avalia\u00e7\u00e3o biopsicossocial dos candidatos com defici\u00eancia, a apresenta\u00e7\u00e3o da documenta\u00e7\u00e3o para a sindic\u00e2ncia da vida pregressa e o envio dos t\u00edtulos.<\/p>\n\n\n\n<p>O concurso oferece <strong>300 vagas<\/strong> para Auditor-Fiscal da Fazenda Estadual, sendo 100 imediatas e 200 para forma\u00e7\u00e3o de cadastro de reserva. O cargo exige n\u00edvel superior em qualquer \u00e1rea e tem remunera\u00e7\u00e3o inicial de <strong>R$ 16.136,64<\/strong>.<\/p>\n\n\n\n<p>A sele\u00e7\u00e3o \u00e9 organizada pela <strong>Funda\u00e7\u00e3o Carlos Chagas (FCC)<\/strong> e contempla as \u00e1reas de Gest\u00e3o Fazend\u00e1ria e Tecnologia da Informa\u00e7\u00e3o. O edital de abertura foi publicado em abril de 2026, e as inscri\u00e7\u00f5es ocorreram entre maio e junho.<\/p>\n\n\n\n<p><a href=\"https:\/\/www.concursosfcc.com.br\/rybena\/web\/index.html?file=https:\/\/www.concursosfcc.com.br\/concursos\/sface125\/sface125_edital_n0_05_retificacao_de_cronograma.pdf\" target=\"_blank\" rel=\"noreferrer noopener\"><strong>Confira o novo cronograma do Concurso SEFAZ CE<\/strong><\/a><\/p>\n\n\n\n<h2 class=\"wp-block-heading\">Pr\u00f3ximos passos do concurso SEFAZ CE<\/h2>\n\n\n\n<p>Com a atualiza\u00e7\u00e3o do cronograma, o pr\u00f3ximo marco ser\u00e1 a divulga\u00e7\u00e3o do <strong>resultado preliminar das provas objetiva e discursiva, em 9 de setembro<\/strong>. Depois, os candidatos ter\u00e3o dois dias para consultar as folhas de respostas e interpor recursos.<\/p>\n\n\n\n<p>Em <strong>7 de outubro<\/strong>, est\u00e1 prevista a publica\u00e7\u00e3o do resultado definitivo dessas provas e a convoca\u00e7\u00e3o para as etapas destinadas aos candidatos cotistas e para o envio dos documentos da sindic\u00e2ncia da vida pregressa e dos t\u00edtulos.<\/p>\n\n\n\n<p>O envio dos t\u00edtulos e da documenta\u00e7\u00e3o da sindic\u00e2ncia ocorrer\u00e1 entre <strong>13 e 15 de outubro<\/strong>. A avalia\u00e7\u00e3o biopsicossocial ser\u00e1 realizada em <strong>16 de outubro<\/strong>, enquanto a comiss\u00e3o de heteroidentifica\u00e7\u00e3o est\u00e1 prevista para os dias <strong>17 e 18 de outubro<\/strong>.<\/p>\n\n\n\n<p>O resultado preliminar da heteroidentifica\u00e7\u00e3o e da avalia\u00e7\u00e3o biopsicossocial ser\u00e1 divulgado em <strong>28 de outubro<\/strong>, com prazo para recursos nos dias <strong>29 e 30 de outubro<\/strong>.<\/p>\n\n\n\n<p>J\u00e1 o resultado definitivo dessas etapas, acompanhado do resultado preliminar da an\u00e1lise de t\u00edtulos e da documenta\u00e7\u00e3o da sindic\u00e2ncia, est\u00e1 previsto para <strong>25 de novembro<\/strong>. Os recursos poder\u00e3o ser apresentados nos dias 26 e 27 de novembro.<\/p>\n\n\n\n<p>Por fim, o <strong>resultado definitivo da an\u00e1lise de t\u00edtulos e da sindic\u00e2ncia da vida pregressa<\/strong>, al\u00e9m do <strong>resultado final do concurso<\/strong>, est\u00e1 previsto para <strong>18 de dezembro de 2026<\/strong>. O cronograma, no entanto, est\u00e1 sujeito a altera\u00e7\u00f5es.<\/p>\n\n\n\n<h2 class=\"wp-block-heading\">Concurso SEFAZ CE<\/h2>\n\n\n\n<p>O <strong>concurso da SEFAZ CE<\/strong> oferece 300 vagas para o cargo de <strong>Auditor-Fiscal da Fazenda Estadual<\/strong>, sendo 100 imediatas e 200 para forma\u00e7\u00e3o de cadastro de reserva. As oportunidades est\u00e3o distribu\u00eddas entre as \u00e1reas de <strong>Gest\u00e3o Fazend\u00e1ria e Tecnologia da Informa\u00e7\u00e3o<\/strong>. A organiza\u00e7\u00e3o \u00e9 da <strong>Funda\u00e7\u00e3o Carlos Chagas (FCC)<\/strong>, e o cargo exige n\u00edvel superior em qualquer \u00e1rea de forma\u00e7\u00e3o.<\/p>\n\n\n\n<p>A remunera\u00e7\u00e3o inicial \u00e9 de <strong>R$ 16.136,64<\/strong>, para jornada de 40 horas semanais. Com a progress\u00e3o funcional, o sal\u00e1rio pode chegar a <strong>R$ 24.755,11<\/strong>, al\u00e9m do pagamento de gratifica\u00e7\u00f5es e outras vantagens previstas na legisla\u00e7\u00e3o estadual.<\/p>\n\n\n\n<p>O concurso \u00e9 composto por provas objetiva e discursiva, avalia\u00e7\u00e3o de t\u00edtulos e sindic\u00e2ncia da vida pregressa. Tamb\u00e9m est\u00e3o previstos procedimentos de heteroidentifica\u00e7\u00e3o e avalia\u00e7\u00e3o biopsicossocial para os candidatos que concorrem \u00e0s vagas reservadas. As provas objetiva e discursiva j\u00e1 foram aplicadas, e os candidatos habilitados avan\u00e7ar\u00e3o para as demais etapas conforme o cronograma retificado.<\/p>\n\n\n\n<p><a href=\"https:\/\/magistrarcursos.com.br\/blog\/concurso-sefaz-ce\/\" target=\"_blank\" rel=\"noreferrer noopener\"><strong>Confira mais informa\u00e7\u00f5es do Concurso SEFAZ CE<\/strong><\/a><\/p>\n","protected":false},"excerpt":{"rendered":"<p>Resultado preliminar das provas objetiva e discursiva est\u00e1 previsto para setembro; resultado final do concurso ficou para dezembro<\/p>\n","protected":false},"author":17,"featured_media":30145,"comment_status":"closed","ping_status":"closed","sticky":false,"template":"","format":"standard","meta":{"footnotes":""},"categories":[48,117],"tags":[],"class_list":["post-45601","post","type-post","status-publish","format-standard","has-post-thumbnail","hentry","category-noticias","category-fiscal"],"_links":{"self":[{"href":"https:\/\/magistrarcursos.com.br\/blog\/wp-json\/wp\/v2\/posts\/45601","targetHints":{"allow":["GET"]}}],"collection":[{"href":"https:\/\/magistrarcursos.com.br\/blog\/wp-json\/wp\/v2\/posts"}],"about":[{"href":"https:\/\/magistrarcursos.com.br\/blog\/wp-json\/wp\/v2\/types\/post"}],"author":[{"embeddable":true,"href":"https:\/\/magistrarcursos.com.br\/blog\/wp-json\/wp\/v2\/users\/17"}],"replies":[{"embeddable":true,"href":"https:\/\/magistrarcursos.com.br\/blog\/wp-json\/wp\/v2\/comments?post=45601"}],"version-history":[{"count":1,"href":"https:\/\/magistrarcursos.com.br\/blog\/wp-json\/wp\/v2\/posts\/45601\/revisions"}],"predecessor-version":[{"id":45602,"href":"https:\/\/magistrarcursos.com.br\/blog\/wp-json\/wp\/v2\/posts\/45601\/revisions\/45602"}],"wp:featuredmedia":[{"embeddable":true,"href":"https:\/\/magistrarcursos.com.br\/blog\/wp-json\/wp\/v2\/media\/30145"}],"wp:attachment":[{"href":"https:\/\/magistrarcursos.com.br\/blog\/wp-json\/wp\/v2\/media?parent=45601"}],"wp:term":[{"taxonomy":"category","embeddable":true,"href":"https:\/\/magistrarcursos.com.br\/blog\/wp-json\/wp\/v2\/categories?post=45601"},{"taxonomy":"post_tag","embeddable":true,"href":"https:\/\/magistrarcursos.com.br\/blog\/wp-json\/wp\/v2\/tags?post=45601"}],"curies":[{"name":"wp","href":"https:\/\/api.w.org\/{rel}","templated":true}]}}