{"id":45611,"date":"2026-09-01T14:55:22","date_gmt":"2026-09-01T17:55:22","guid":{"rendered":"https:\/\/magistrarcursos.com.br\/blog\/?p=45611"},"modified":"2026-09-01T14:55:55","modified_gmt":"2026-09-01T17:55:55","slug":"de-47-a-58-acertos-aluna-supera-desafios-e-conquista-aprovacao-no-enam","status":"publish","type":"post","link":"https:\/\/magistrarcursos.com.br\/blog\/de-47-a-58-acertos-aluna-supera-desafios-e-conquista-aprovacao-no-enam\/","title":{"rendered":"De 47 a 58 acertos: aluna supera desafios e conquista aprova\u00e7\u00e3o no ENAM"},"content":{"rendered":"\n<p>Aos 46 anos, Daniela Gesteira Lopes Silva acaba de dar mais um passo importante em dire\u00e7\u00e3o ao sonho de ingressar na <strong><a href=\"https:\/\/magistrarcursos.com.br\/blog\/melhor-curso-para-magistratura-conheca-as-opcoes-de-preparacao\/\" target=\"_blank\" data-type=\"link\" data-id=\"https:\/\/magistrarcursos.com.br\/blog\/melhor-curso-para-magistratura-conheca-as-opcoes-de-preparacao\/\" rel=\"noreferrer noopener\">Magistratura<\/a><\/strong>. Dona de casa e m\u00e3e de uma estudante de Direito, ela foi <strong>aprovada no <a href=\"https:\/\/magistrarcursos.com.br\/blog\/enam-exame-nacional-magistratura\/\" target=\"_blank\" data-type=\"link\" data-id=\"https:\/\/magistrarcursos.com.br\/blog\/enam-exame-nacional-magistratura\/\" rel=\"noreferrer noopener\">ENAM 2026.1<\/a> com 58 acertos<\/strong>, resultado constru\u00eddo a partir de uma trajet\u00f3ria marcada por disciplina, const\u00e2ncia e supera\u00e7\u00e3o.<\/p>\n\n\n\n<p>A hist\u00f3ria de Daniela com o Magistrar come\u00e7ou em 2024, quando ela encontrou um post da institui\u00e7\u00e3o no Instagram. Naquele momento, estava avaliando se deveria voltar a estudar para concursos da Magistratura depois de passar <strong>oito anos sem uma rotina de prepara\u00e7\u00e3o<\/strong>.<\/p>\n\n\n\n<p>\u201cEu estava na d\u00favida se voltaria a estudar para o concurso da Magistratura, pois j\u00e1 tinha oito anos sem estudar para concurso\u201d, conta.<\/p>\n\n\n\n<p>Foi ent\u00e3o que Daniela entrou em contato com o professor Alexandre pelo Instagram. O incentivo recebido naquele momento foi decisivo para que ela retomasse os estudos e ingressasse na <strong><a href=\"https:\/\/mentoria.magistrarcursos.com.br\/?utm_source=blog&amp;_gl=1*1dgyjhk*_gcl_aw*R0NMLjE3ODgxNzg0MDQuQ2p3S0NBand6TlRVQmhBakVpd0E3emN2V3E0S1NtQzBJT09SY0J5ZEhxOWpxR3dHZmFQSWdrRnliWmk3enJCcHVmZndyZzVVb3FuRVlCb0MyTE1RQXZEX0J3RQ..*_gcl_au*MzcwMjIyMDIuMTc4NjM1OTc4NA..*_ga*MTg1NjUyMTQ2Ny4xNzcwMzA0ODI4*_ga_Q2E1VNCPVY*czE3ODgyODQxOTgkbzQ1OSRnMSR0MTc4ODI4NDUzNiRqNjAkbDAkaDE2MjUxMzM3OTQ.*_fplc*TXIwNFRoTER0d0RYeDY0RVJ6eWd2S3IlMkI3QURybjhtbFptYlpXNFE5eURQOFBlYkozdk93UGUlMkZpcll4NXpYOHR4bUo5UGFIU1RxNXhGVGo3MEFRSmFMWTJPSEclMkZUdSUyRnhDQkducm9VVHUlMkJibXJPREpNQU5MUHBkM25qMUdPQSUzRCUzRA..\" target=\"_blank\" data-type=\"link\" data-id=\"https:\/\/mentoria.magistrarcursos.com.br\/?utm_source=blog&amp;_gl=1*1dgyjhk*_gcl_aw*R0NMLjE3ODgxNzg0MDQuQ2p3S0NBand6TlRVQmhBakVpd0E3emN2V3E0S1NtQzBJT09SY0J5ZEhxOWpxR3dHZmFQSWdrRnliWmk3enJCcHVmZndyZzVVb3FuRVlCb0MyTE1RQXZEX0J3RQ..*_gcl_au*MzcwMjIyMDIuMTc4NjM1OTc4NA..*_ga*MTg1NjUyMTQ2Ny4xNzcwMzA0ODI4*_ga_Q2E1VNCPVY*czE3ODgyODQxOTgkbzQ1OSRnMSR0MTc4ODI4NDUzNiRqNjAkbDAkaDE2MjUxMzM3OTQ.*_fplc*TXIwNFRoTER0d0RYeDY0RVJ6eWd2S3IlMkI3QURybjhtbFptYlpXNFE5eURQOFBlYkozdk93UGUlMkZpcll4NXpYOHR4bUo5UGFIU1RxNXhGVGo3MEFRSmFMWTJPSEclMkZUdSUyRnhDQkducm9VVHUlMkJibXJPREpNQU5MUHBkM25qMUdPQSUzRCUzRA..\" rel=\"noreferrer noopener\">Mentoria Magistrar<\/a><\/strong>.<\/p>\n\n\n\n<div style=\"text-align: center;margin: 30px 0;font-family: 'Segoe UI', Roboto, 'Helvetica Neue', sans-serif\">\n  <a href=\"https:\/\/instagram.com\/magistrarcursos\" target=\"_blank\" rel=\"noopener noreferrer\" style=\"align-items: center;gap: 12px;background-color: #000000;color: #D4AF37;padding: 14px 28px;border-radius: 50px;text-decoration: none;font-weight: bold;font-size: 1.2rem;letter-spacing: 1px;border: 1px solid #D4AF37\">\n    \n      \n      \n      \n    \n    <span>Siga @magistrarcursos<\/span>\n  <\/a>\n  <div style=\"margin-top: 12px;font-size: 0.85rem;color: #444;font-weight: 500\">\n    \ud83d\udcda Conte\u00fados di\u00e1rios, dicas de estudos e novidades sobre concursos jur\u00eddicos\n  <\/div>\n<\/div>\n\n\n\n<h2 class=\"wp-block-heading\">O desafio de recome\u00e7ar depois de oito anos<\/h2>\n\n\n\n<p>A volta aos estudos n\u00e3o foi simples. Depois de tanto tempo afastada da prepara\u00e7\u00e3o para concursos, Daniela precisou reconstruir sua rotina e recuperar uma base de estudos.<\/p>\n\n\n\n<p>Segundo ela, a mentoria teve papel importante nesse processo, especialmente para ajud\u00e1-la a criar uma rotina de prepara\u00e7\u00e3o e manter a const\u00e2ncia.<\/p>\n\n\n\n<div class=\"wp-block-media-text is-stacked-on-mobile\" style=\"grid-template-columns:30% auto\"><figure class=\"wp-block-media-text__media\"><img fetchpriority=\"high\" decoding=\"async\" width=\"768\" height=\"1024\" src=\"https:\/\/magistrarcursos.com.br\/blog\/wp-content\/uploads\/2026\/09\/WhatsApp-Image-2026-09-01-at-14.31.40-768x1024.jpeg\" alt=\"\" class=\"wp-image-45612 size-full\" srcset=\"https:\/\/magistrarcursos.com.br\/blog\/wp-content\/uploads\/2026\/09\/WhatsApp-Image-2026-09-01-at-14.31.40-768x1024.jpeg 768w, https:\/\/magistrarcursos.com.br\/blog\/wp-content\/uploads\/2026\/09\/WhatsApp-Image-2026-09-01-at-14.31.40-225x300.jpeg 225w, https:\/\/magistrarcursos.com.br\/blog\/wp-content\/uploads\/2026\/09\/WhatsApp-Image-2026-09-01-at-14.31.40-1152x1536.jpeg 1152w, https:\/\/magistrarcursos.com.br\/blog\/wp-content\/uploads\/2026\/09\/WhatsApp-Image-2026-09-01-at-14.31.40.jpeg 1200w\" sizes=\"(max-width: 768px) 100vw, 768px\" \/><\/figure><div class=\"wp-block-media-text__content\">\n<blockquote class=\"wp-block-quote is-layout-flow wp-block-quote-is-layout-flow\">\n<p>\u201cFoi bem dif\u00edcil no come\u00e7o, mas a mentoria me ajudou muito a retomar os estudos, ter uma rotina e construir uma base s\u00f3lida na minha prepara\u00e7\u00e3o\u201d, relata.<\/p>\n<\/blockquote>\n<\/div><\/div>\n\n\n\n<p>Entre os pontos que mais contribu\u00edram para sua evolu\u00e7\u00e3o, Daniela destaca os <strong>encontros semanais com o professor Alexandre<\/strong> e o acompanhamento terap\u00eautico com o Dr. Paulo.<\/p>\n\n\n\n<p>Para ela, o processo foi muito al\u00e9m de simplesmente acumular conte\u00fado: foi necess\u00e1rio aprender a estudar de maneira consistente e seguir as orienta\u00e7\u00f5es recebidas durante a prepara\u00e7\u00e3o.<\/p>\n\n\n\n<p><strong>Leia tamb\u00e9m: <a href=\"https:\/\/magistrarcursos.com.br\/blog\/como-estudar-por-simulados-para-o-enam-magistrar-promove-aula-especial-nesta-quinta-3-9\/\" data-type=\"link\" data-id=\"https:\/\/magistrarcursos.com.br\/blog\/como-estudar-por-simulados-para-o-enam-magistrar-promove-aula-especial-nesta-quinta-3-9\/\" target=\"_blank\" rel=\"noreferrer noopener\">Como estudar por simulados para o ENAM: Magistrar promove aula especial nesta quinta (3\/9)<\/a><\/strong><\/p>\n\n\n\n<figure class=\"wp-block-image aligncenter size-full\"><a href=\"https:\/\/mentoria.magistrarcursos.com.br\/?utm_source=blog\" target=\"_blank\" rel=\" noreferrer noopener\"><img decoding=\"async\" width=\"650\" height=\"280\" src=\"https:\/\/magistrarcursos.com.br\/blog\/wp-content\/uploads\/2026\/07\/banner-mentoria-2027.webp\" alt=\"\" class=\"wp-image-42199\" srcset=\"https:\/\/magistrarcursos.com.br\/blog\/wp-content\/uploads\/2026\/07\/banner-mentoria-2027.webp 650w, https:\/\/magistrarcursos.com.br\/blog\/wp-content\/uploads\/2026\/07\/banner-mentoria-2027-300x129.webp 300w\" sizes=\"(max-width: 650px) 100vw, 650px\" \/><\/a><\/figure>\n\n\n\n<h2 class=\"wp-block-heading\">De 47 a 58 acertos: uma evolu\u00e7\u00e3o constru\u00edda prova ap\u00f3s prova<\/h2>\n\n\n\n<p>A aprova\u00e7\u00e3o no ENAM 2026.1 foi resultado de uma evolu\u00e7\u00e3o gradual.<\/p>\n\n\n\n<p>Daniela participou pela primeira vez do exame em 2024.2, depois de menos de 60 dias de estudos, e alcan\u00e7ou <strong>47 acertos<\/strong>.<\/p>\n\n\n\n<p>Na edi\u00e7\u00e3o seguinte, em <strong>2025.1<\/strong>, chegou aos <strong>50 acertos<\/strong>.<\/p>\n\n\n\n<p>J\u00e1 no <strong>ENAM 2026.1<\/strong>, alcan\u00e7ou a marca de <strong>58 acertos<\/strong>, garantindo a aprova\u00e7\u00e3o.<\/p>\n\n\n\n<p>A diferen\u00e7a de <strong>11 acertos entre a primeira e a \u00faltima prova<\/strong> mostra a evolu\u00e7\u00e3o constru\u00edda ao longo da prepara\u00e7\u00e3o. Para Daniela, o resultado veio principalmente quando passou a seguir com mais rigor aquilo que havia sido orientado desde o in\u00edcio.<\/p>\n\n\n\n<h2 class=\"wp-block-heading\">Lei seca e quest\u00f5es foram fundamentais<\/h2>\n\n\n\n<p>Entre os m\u00e9todos de estudo utilizados, Daniela aponta dois pilares como fundamentais para sua prepara\u00e7\u00e3o: <strong>leitura da lei seca e resolu\u00e7\u00e3o de quest\u00f5es<\/strong>.<\/p>\n\n\n\n<p>Ela admite que demorou um pouco para seguir essa orienta\u00e7\u00e3o \u00e0 risca, mas percebeu uma mudan\u00e7a importante quando incorporou esses h\u00e1bitos \u00e0 rotina.<\/p>\n\n\n\n<blockquote class=\"wp-block-quote is-layout-flow wp-block-quote-is-layout-flow\">\n<p>\u201cCom certeza, o mais importante na prepara\u00e7\u00e3o foi a leitura da lei seca e resolu\u00e7\u00e3o de quest\u00f5es. Confesso que demorei um pouco para \u2018obedecer\u2019, rsrs&#8230; Mas quando fiz, como o professor orientou desde o in\u00edcio, o resultado veio.\u201d<\/p>\n<\/blockquote>\n\n\n\n<div class=\"wp-block-media-text has-media-on-the-right is-stacked-on-mobile is-vertically-aligned-bottom\" style=\"grid-template-columns:auto 27%\"><div class=\"wp-block-media-text__content\">\n<p>Entre novembro de 2025 e a realiza\u00e7\u00e3o do ENAM 2026.1, Daniela conta que leu os principais c\u00f3digos <strong>pelo menos duas vezes<\/strong>.<\/p>\n\n\n\n<p>Al\u00e9m da leitura da legisla\u00e7\u00e3o, manteve uma rotina de <strong>resolu\u00e7\u00e3o di\u00e1ria de quest\u00f5es e realiza\u00e7\u00e3o de simulados<\/strong>, atividades que ajudaram a consolidar os conte\u00fados e acompanhar sua evolu\u00e7\u00e3o.<\/p>\n<\/div><figure class=\"wp-block-media-text__media\"><img decoding=\"async\" width=\"676\" height=\"1024\" src=\"https:\/\/magistrarcursos.com.br\/blog\/wp-content\/uploads\/2026\/09\/WhatsApp-Image-2026-09-01-at-14.33.10-676x1024.jpeg\" alt=\"\" class=\"wp-image-45613 size-full\" srcset=\"https:\/\/magistrarcursos.com.br\/blog\/wp-content\/uploads\/2026\/09\/WhatsApp-Image-2026-09-01-at-14.33.10-676x1024.jpeg 676w, https:\/\/magistrarcursos.com.br\/blog\/wp-content\/uploads\/2026\/09\/WhatsApp-Image-2026-09-01-at-14.33.10-198x300.jpeg 198w, https:\/\/magistrarcursos.com.br\/blog\/wp-content\/uploads\/2026\/09\/WhatsApp-Image-2026-09-01-at-14.33.10-768x1164.jpeg 768w, https:\/\/magistrarcursos.com.br\/blog\/wp-content\/uploads\/2026\/09\/WhatsApp-Image-2026-09-01-at-14.33.10-1014x1536.jpeg 1014w, https:\/\/magistrarcursos.com.br\/blog\/wp-content\/uploads\/2026\/09\/WhatsApp-Image-2026-09-01-at-14.33.10.jpeg 1056w\" sizes=\"(max-width: 676px) 100vw, 676px\" \/><\/figure><\/div>\n\n\n\n<p><strong>Leia tamb\u00e9m:<a href=\"https:\/\/magistrarcursos.com.br\/blog\/2a-maratona-enam-2026-2-magistrar-promove-10-horas-de-revisao-ao-vivo-neste-sabado-5\/\" data-type=\"link\" data-id=\"https:\/\/magistrarcursos.com.br\/blog\/2a-maratona-enam-2026-2-magistrar-promove-10-horas-de-revisao-ao-vivo-neste-sabado-5\/\" target=\"_blank\" rel=\"noreferrer noopener\"> 2\u00aa Maratona ENAM 2026.2: Magistrar promove 10 horas de revis\u00e3o ao vivo neste s\u00e1bado (5)<\/a><\/strong><\/p>\n\n\n\n<div style=\"text-align: center;margin: 40px auto;max-width: 600px\">\n  <a href=\"https:\/\/t.magistrarcursos.com.br\/lp\/comunidade-lei-seca-b?utm_source=blog\" target=\"_blank\" rel=\"noopener noreferrer\" style=\"background-color: #0B2B5E;color: #FFD966;font-family: &#039;Poppins&#039;, Arial, sans-serif;font-size: 18px;font-weight: bold;text-decoration: none;padding: 16px 32px;border-radius: 40px;border: 2px solid #FFD966\">\n     Entrar na Comunidade Lei Seca\n  <\/a>\n  <p style=\"font-size: 14px;color: #0B2B5E;margin-top: 12px;font-family: Arial, sans-serif;font-weight: 500\">\n   Gratuito \u2022 Acelere sua aprova\u00e7\u00e3o\n  <\/p>\n<\/div>\n\n\n\n<h2 class=\"wp-block-heading\">Uma rotina que come\u00e7a \u00e0s 4h da manh\u00e3<\/h2>\n\n\n\n<p>Atualmente, Daniela mant\u00e9m uma rotina de estudos intensa. O dia costuma come\u00e7ar cedo: <strong>\u00e0s 4h da manh\u00e3<\/strong>.<\/p>\n\n\n\n<p>Ela estuda, em m\u00e9dia, <strong>seis horas por dia<\/strong>, dividindo o tempo entre videoaulas e resolu\u00e7\u00e3o de quest\u00f5es.<\/p>\n\n\n\n<p>A prepara\u00e7\u00e3o tamb\u00e9m conta com o apoio de um pequeno grupo de estudos formado por amigas que conheceu no pr\u00f3prio Magistrar.<\/p>\n\n\n\n<p>O grupo se re\u00fane <strong>cinco ou seis vezes por semana<\/strong> para realizar a leitura de lei seca.<\/p>\n\n\n\n<p>A experi\u00eancia mostra, segundo Daniela, a import\u00e2ncia de encontrar uma rotina sustent\u00e1vel e manter a disciplina mesmo diante das dificuldades.<\/p>\n\n\n\n<h2 class=\"wp-block-heading\">Dona de casa, m\u00e3e e estudante<\/h2>\n\n\n\n<p>Daniela tamb\u00e9m chama aten\u00e7\u00e3o para uma caracter\u00edstica importante de sua trajet\u00f3ria: ela <strong>n\u00e3o trabalha fora e \u00e9 dona de casa<\/strong>.<\/p>\n\n\n\n<p>Ao falar sobre sua realidade financeira, faz quest\u00e3o de desmistificar a ideia de que a prepara\u00e7\u00e3o para concursos depende necessariamente de uma estrutura financeira privilegiada.<\/p>\n\n\n\n<p>Daniela foi aluna da <strong>Mentoria Magistrar de agosto de 2024 a dezembro de 2025<\/strong>. Para a prepara\u00e7\u00e3o espec\u00edfica para o ENAM 2026.1, realizou posteriormente o <strong>Reta Final<\/strong>.<\/p>\n\n\n\n<p><strong>Leia tamb\u00e9m: <a href=\"https:\/\/magistrarcursos.com.br\/blog\/cronograma-enam-2026-2-guia-completo-com-datas-e-prazos\/\" data-type=\"link\" data-id=\"https:\/\/magistrarcursos.com.br\/blog\/cronograma-enam-2026-2-guia-completo-com-datas-e-prazos\/\" target=\"_blank\" rel=\"noreferrer noopener\">Cronograma ENAM 2026.2: guia completo com datas e prazos<\/a><\/strong><\/p>\n\n\n\n<figure class=\"wp-block-image size-full\"><a href=\"https:\/\/magistrarcursos.com.br\/cursos\/enam\/?utm_source=blog&amp;utm_medium=banner&amp;utm_campaign=enam2026&amp;utm_id=enam\" target=\"_blank\" rel=\" noreferrer noopener\"><img loading=\"lazy\" decoding=\"async\" width=\"700\" height=\"300\" src=\"https:\/\/magistrarcursos.com.br\/blog\/wp-content\/uploads\/2025\/10\/Enam-2026.jpg\" alt=\"\" class=\"wp-image-30604\" srcset=\"https:\/\/magistrarcursos.com.br\/blog\/wp-content\/uploads\/2025\/10\/Enam-2026.jpg 700w, https:\/\/magistrarcursos.com.br\/blog\/wp-content\/uploads\/2025\/10\/Enam-2026-300x129.jpg 300w\" sizes=\"(max-width: 700px) 100vw, 700px\" \/><\/a><\/figure>\n\n\n\n<h2 class=\"wp-block-heading\">O apoio que fez diferen\u00e7a na caminhada<\/h2>\n\n\n\n<p>Ao relembrar sua trajet\u00f3ria, Daniela demonstra gratid\u00e3o pelo incentivo recebido durante sua prepara\u00e7\u00e3o.<\/p>\n\n\n\n<p>Ela destaca especialmente a influ\u00eancia do professor Alexandre, incluindo os momentos em que recebeu incentivos e tamb\u00e9m os \u201cpux\u00f5es de orelha\u201d necess\u00e1rios para manter o foco.<\/p>\n\n\n\n<blockquote class=\"wp-block-quote is-layout-flow wp-block-quote-is-layout-flow\">\n<p>\u201cO principal foi ouvir o professor Alexandre. Sou grata a Deus pela vida dele, pelos incentivos, pelos pux\u00f5es de orelha, quando necess\u00e1rio.\u201d<\/p>\n<\/blockquote>\n\n\n\n<p>A fala resume uma das principais caracter\u00edsticas de sua trajet\u00f3ria: entender que a aprova\u00e7\u00e3o n\u00e3o acontece apenas pelo esfor\u00e7o de estudar muito, mas tamb\u00e9m pela disposi\u00e7\u00e3o de <strong>corrigir a rota, ouvir orienta\u00e7\u00f5es e manter a const\u00e2ncia<\/strong>.<\/p>\n\n\n\n<h2 class=\"wp-block-heading\">Pr\u00f3ximo objetivo: a Magistratura Estadual ou Federal<\/h2>\n\n\n\n<p>A aprova\u00e7\u00e3o no ENAM 2026.1 representa uma conquista importante, mas n\u00e3o \u00e9 o ponto final para Daniela.<\/p>\n\n\n\n<p>Agora, ela segue firme na prepara\u00e7\u00e3o para seu principal objetivo: conquistar uma vaga na <strong>Magistratura Estadual ou Federal<\/strong>.<\/p>\n\n\n\n<p>Aos 46 anos, depois de oito anos afastada dos estudos para concursos, tr\u00eas participa\u00e7\u00f5es no ENAM e uma evolu\u00e7\u00e3o de 47 para 58 acertos, Daniela mostra que a trajet\u00f3ria at\u00e9 a aprova\u00e7\u00e3o pode ser constru\u00edda passo a passo.<\/p>\n\n\n\n<p>Mais do que o resultado obtido em uma \u00fanica prova, sua hist\u00f3ria \u00e9 marcada pela capacidade de recome\u00e7ar, adaptar a rotina e persistir at\u00e9 alcan\u00e7ar um novo patamar de desempenho.<\/p>\n\n\n\n<blockquote class=\"wp-block-quote is-layout-flow wp-block-quote-is-layout-flow\">\n<p>\u201cEspero que minha hist\u00f3ria incentive mais pessoas\u201d, afirma Daniela.<\/p>\n<\/blockquote>\n\n\n\n<p>E talvez essa seja uma das principais mensagens deixadas por sua trajet\u00f3ria: <strong>n\u00e3o existe um \u00fanico momento certo para recome\u00e7ar<\/strong>. Com disciplina, orienta\u00e7\u00e3o e const\u00e2ncia, cada etapa da prepara\u00e7\u00e3o pode aproximar o candidato do objetivo final.<\/p>\n\n\n\n<figure class=\"wp-block-image size-full\"><a href=\"https:\/\/t.magistrarcursos.com.br\/cerebro-juridico\/?utm_source=blog\" target=\"_blank\" rel=\" noreferrer noopener\"><img loading=\"lazy\" decoding=\"async\" width=\"800\" height=\"237\" src=\"https:\/\/magistrarcursos.com.br\/blog\/wp-content\/uploads\/2026\/04\/banner-vitalicia-cerebro.webp\" alt=\"\" class=\"wp-image-34598\" srcset=\"https:\/\/magistrarcursos.com.br\/blog\/wp-content\/uploads\/2026\/04\/banner-vitalicia-cerebro.webp 800w, https:\/\/magistrarcursos.com.br\/blog\/wp-content\/uploads\/2026\/04\/banner-vitalicia-cerebro-300x89.webp 300w, https:\/\/magistrarcursos.com.br\/blog\/wp-content\/uploads\/2026\/04\/banner-vitalicia-cerebro-768x228.webp 768w\" sizes=\"(max-width: 800px) 100vw, 800px\" \/><\/a><\/figure>\n","protected":false},"excerpt":{"rendered":"<p>Daniela Gesteira Lopes Silva retomou os estudos ap\u00f3s oito anos longe dos concursos e garantiu 58 acertos no ENAM; agora, segue firme rumo \u00e0 Magistratura<\/p>\n","protected":false},"author":18,"featured_media":45614,"comment_status":"closed","ping_status":"closed","sticky":false,"template":"","format":"standard","meta":{"footnotes":""},"categories":[48,103],"tags":[],"class_list":["post-45611","post","type-post","status-publish","format-standard","has-post-thumbnail","hentry","category-noticias","category-enam"],"_links":{"self":[{"href":"https:\/\/magistrarcursos.com.br\/blog\/wp-json\/wp\/v2\/posts\/45611","targetHints":{"allow":["GET"]}}],"collection":[{"href":"https:\/\/magistrarcursos.com.br\/blog\/wp-json\/wp\/v2\/posts"}],"about":[{"href":"https:\/\/magistrarcursos.com.br\/blog\/wp-json\/wp\/v2\/types\/post"}],"author":[{"embeddable":true,"href":"https:\/\/magistrarcursos.com.br\/blog\/wp-json\/wp\/v2\/users\/18"}],"replies":[{"embeddable":true,"href":"https:\/\/magistrarcursos.com.br\/blog\/wp-json\/wp\/v2\/comments?post=45611"}],"version-history":[{"count":2,"href":"https:\/\/magistrarcursos.com.br\/blog\/wp-json\/wp\/v2\/posts\/45611\/revisions"}],"predecessor-version":[{"id":45616,"href":"https:\/\/magistrarcursos.com.br\/blog\/wp-json\/wp\/v2\/posts\/45611\/revisions\/45616"}],"wp:featuredmedia":[{"embeddable":true,"href":"https:\/\/magistrarcursos.com.br\/blog\/wp-json\/wp\/v2\/media\/45614"}],"wp:attachment":[{"href":"https:\/\/magistrarcursos.com.br\/blog\/wp-json\/wp\/v2\/media?parent=45611"}],"wp:term":[{"taxonomy":"category","embeddable":true,"href":"https:\/\/magistrarcursos.com.br\/blog\/wp-json\/wp\/v2\/categories?post=45611"},{"taxonomy":"post_tag","embeddable":true,"href":"https:\/\/magistrarcursos.com.br\/blog\/wp-json\/wp\/v2\/tags?post=45611"}],"curies":[{"name":"wp","href":"https:\/\/api.w.org\/{rel}","templated":true}]}}