{"id":45617,"date":"2026-09-01T15:46:23","date_gmt":"2026-09-01T18:46:23","guid":{"rendered":"https:\/\/magistrarcursos.com.br\/blog\/?p=45617"},"modified":"2026-09-01T15:46:23","modified_gmt":"2026-09-01T18:46:23","slug":"concursos-para-juiz-procurador-e-defensor-abertos-e-previstos-em-setembro-de-2026","status":"publish","type":"post","link":"https:\/\/magistrarcursos.com.br\/blog\/concursos-para-juiz-procurador-e-defensor-abertos-e-previstos-em-setembro-de-2026\/","title":{"rendered":"Concursos para Juiz, Procurador e Defensor abertos e previstos em setembro de 2026"},"content":{"rendered":"\n<p>O m\u00eas de setembro re\u00fane oportunidades abertas e previstas em diferentes carreiras jur\u00eddicas. A lista engloba concursos para os cargos de <a href=\"https:\/\/magistrarcursos.com.br\/blog\/juiz-de-direito-o-que-faz-salario-e-como-se-tornar-um\/\" target=\"_blank\" rel=\"noreferrer noopener\"><strong>Juiz de Direito<\/strong><\/a><strong> Substituto, Juiz Federal Substituto, <\/strong><a href=\"https:\/\/magistrarcursos.com.br\/blog\/defensor-publico\/\" target=\"_blank\" rel=\"noreferrer noopener\"><strong>Defensor P\u00fablico<\/strong><\/a><strong> e <\/strong><a href=\"https:\/\/magistrarcursos.com.br\/blog\/procurador\/\" target=\"_blank\" rel=\"noreferrer noopener\"><strong>Procurador<\/strong><\/a>. Entre as sele\u00e7\u00f5es em andamento, h\u00e1 concursos com inscri\u00e7\u00f5es abertas, al\u00e9m de editais publicados cujos prazos come\u00e7am em setembro.\u00a0<\/p>\n\n\n\n<p>Os concursos previstos tamb\u00e9m est\u00e3o em est\u00e1gio avan\u00e7ado de prepara\u00e7\u00e3o, alguns j\u00e1 com banca organizadora definida e comiss\u00e3o formada. Com essas etapas conclu\u00eddas, o pr\u00f3ximo passo esperado \u00e9 a publica\u00e7\u00e3o dos respectivos editais.<\/p>\n\n\n\n<p>Confira, a seguir, os principais concursos para Juiz, Procurador e Defensor abertos e previstos em setembro de 2026!<\/p>\n\n\n\n<div style=\"text-align:center;padding:20px;font-family:'Segoe UI',Tahoma,Geneva,Verdana,sans-serif\">\n\n  <a href=\"https:\/\/www.instagram.com\/magistrarcursos\/\" target=\"_blank\" rel=\"noopener noreferrer\" aria-label=\"Siga Magistrar Cursos no Instagram\" style=\"align-items:center;justify-content:center;gap:12px;background:linear-gradient(135deg,#feda77,#f58529,#dd2a7b,#8134af,#515bd4);color:#ffffff;font-size:1.2rem;font-weight:600;text-decoration:none;padding:14px 28px;border-radius:50px;border:none;letter-spacing:0.5px\">\n\n    <span style=\"font-size:1.5rem;line-height:1\">\ud83d\udcf8<\/span>\n\n    <span>\n      <strong>@<\/strong>magistrarcursos\n    <\/span>\n  <\/a>\n\n  <div style=\"font-size:0.85rem;color:#2c3e50;margin-top:16px;line-height:1.4;opacity:0.85\">\n    Acompanhe conte\u00fados exclusivos, notifica\u00e7\u00f5es de editais e dicas para sua aprova\u00e7\u00e3o!\n  <\/div>\n\n<\/div>\n\n\n\n<div class=\"wp-block-rank-math-toc-block\" id=\"rank-math-toc\"><h2>Navegue pelo \u00edndice<\/h2><nav><ul><li class=\"\"><a href=\"#concursos-juridicos-juiz\">Concursos Jur\u00eddicos: Juiz<\/a><ul><li class=\"\"><a href=\"#trf-5-juiz-federal-inscricoes-abertas\">TRF5 Juiz Federal \u2013 inscri\u00e7\u00f5es abertas<\/a><\/li><li class=\"\"><a href=\"#tj-rs-juiz-edital-publicado\">TJ RS Juiz \u2013 edital publicado<\/a><\/li><li class=\"\"><a href=\"#tj-ap-juiz-banca-definida\">TJ AP Juiz \u2013 banca definida<\/a><\/li><li class=\"\"><a href=\"#tjdft-juiz-banca-definida\">TJDFT Juiz \u2013 banca definida<\/a><\/li><\/ul><\/li><li class=\"\"><a href=\"#concursos-juridicos-procurador\">Concursos Jur\u00eddicos: Procurador<\/a><ul><li class=\"\"><a href=\"#pgm-valinhos-sp-inscricoes-abertas\">PGM Valinhos SP \u2013 inscri\u00e7\u00f5es abertas<\/a><\/li><li class=\"\"><a href=\"#setec-campinas-edital-publicado\">SETEC Campinas \u2013 edital publicado<\/a><\/li><li class=\"\"><a href=\"#mpc-ma-procurador-banca-definida\">MPC MA Procurador \u2013 banca definida<\/a><\/li><\/ul><\/li><li class=\"\"><a href=\"#concursos-juridicos-defensor\">Concursos Jur\u00eddicos: Defensor<\/a><ul><li class=\"\"><a href=\"#dpe-rn-defensor-banca-definida\">DPE RN Defensor \u2013 banca definida<\/a><\/li><\/ul><\/li><li class=\"\"><a href=\"#antecipe-sua-preparacao-com-o-cerebro-magistrar\">Antecipe sua prepara\u00e7\u00e3o com\u00a0 o C\u00c9REBRO Magistrar!<\/a><\/li><\/ul><\/nav><\/div>\n\n\n\n<h2 class=\"wp-block-heading\" id=\"concursos-juridicos-juiz\">Concursos Jur\u00eddicos: Juiz<\/h2>\n\n\n\n<h3 class=\"wp-block-heading\" id=\"trf-5-juiz-federal-inscricoes-abertas\">TRF5 Juiz Federal \u2013 inscri\u00e7\u00f5es abertas<\/h3>\n\n\n\n<p>O <a href=\"https:\/\/magistrarcursos.com.br\/blog\/concurso-trf5-juiz\/\" target=\"_blank\" rel=\"noreferrer noopener\"><strong>concurso TRF5 para Juiz Federal<\/strong><\/a> est\u00e1 com inscri\u00e7\u00f5es abertas para ingresso na carreira de Juiz Federal Substituto da 5\u00aa Regi\u00e3o. Organizado pela FGV, o certame oferece <strong>11 vagas imediatas, al\u00e9m de cadastro de reserva<\/strong>, e subs\u00eddio inicial de R$ 37.765,55.<\/p>\n\n\n\n<p>Os interessados poder\u00e3o se inscrever at\u00e9 as 16h do dia <strong>28 de setembro de 2026<\/strong>. A prova objetiva, inicialmente prevista para novembro, foi remarcada para 20 de dezembro de 2026.<\/p>\n\n\n\n<figure class=\"wp-block-table\"><table class=\"has-fixed-layout\"><tbody><tr><td><strong>Situa\u00e7\u00e3o:<\/strong><\/td><td>Inscri\u00e7\u00f5es abertas<\/td><\/tr><tr><td><strong>Banca:<\/strong><\/td><td>FGV<\/td><\/tr><tr><td><strong>Vagas:<\/strong><\/td><td>11 vagas + cadastro de reserva<\/td><\/tr><tr><td><strong>Cargo:<\/strong><\/td><td>Juiz Federal Substituto<\/td><\/tr><tr><td><strong>Sal\u00e1rio inicial:<\/strong><\/td><td>R$ 37.765,55<\/td><\/tr><tr><td><strong>Prova objetiva:<\/strong><\/td><td>20 de dezembro de 2026<\/td><\/tr><tr><td><strong>Edital:<\/strong><\/td><td><a href=\"https:\/\/www.in.gov.br\/web\/dou\/-\/edital-n-1-de-17-de-agosto-de-2026-726162418\" target=\"_blank\" rel=\"noreferrer noopener\">TRF5 Juiz Federal 2026<\/a><\/td><\/tr><\/tbody><\/table><\/figure>\n\n\n\n<h3 class=\"wp-block-heading\" id=\"tj-rs-juiz-edital-publicado\">TJ RS Juiz \u2013 edital publicado<\/h3>\n\n\n\n<p>O <a href=\"https:\/\/magistrarcursos.com.br\/blog\/concurso-tjrs-juiz\/\" target=\"_blank\" rel=\"noreferrer noopener\"><strong>concurso TJ RS para Juiz<\/strong><\/a> est\u00e1 com edital publicado para o preenchimento de <strong>30 vagas imediatas<\/strong>, al\u00e9m da forma\u00e7\u00e3o de cadastro de reserva, no cargo de Juiz Substituto.<\/p>\n\n\n\n<p>As inscri\u00e7\u00f5es ser\u00e3o abertas no dia <strong>15 de setembro<\/strong> e seguir\u00e3o at\u00e9 14 de outubro de 2026. Organizada pela FGV, a sele\u00e7\u00e3o ter\u00e1 prova objetiva aplicada em 13 de dezembro, em Porto Alegre.<\/p>\n\n\n\n<figure class=\"wp-block-table\"><table class=\"has-fixed-layout\"><tbody><tr><td><strong>Situa\u00e7\u00e3o:<\/strong><\/td><td>Edital publicado<\/td><\/tr><tr><td><strong>Banca:<\/strong><\/td><td>FGV<\/td><\/tr><tr><td><strong>Vagas:<\/strong><\/td><td>30 vagas + cadastro de reserva<\/td><\/tr><tr><td><strong>Cargo:<\/strong><\/td><td>Juiz Substituto<\/td><\/tr><tr><td><strong>Sal\u00e1rio inicial:<\/strong><\/td><td>R$ 30.505,36<\/td><\/tr><tr><td><strong>Prova objetiva:<\/strong><\/td><td>13 de dezembro de 2026<\/td><\/tr><tr><td><strong>Edital:<\/strong><\/td><td><a href=\"https:\/\/magistrarcursos.com.br\/blog\/wp-content\/uploads\/2026\/08\/edital-TJRS.pdf\" target=\"_blank\" rel=\"noreferrer noopener\">TJ RS Juiz 2026<\/a><\/td><\/tr><\/tbody><\/table><\/figure>\n\n\n\n<h3 class=\"wp-block-heading\" id=\"tj-ap-juiz-banca-definida\">TJ AP Juiz \u2013 banca definida<\/h3>\n\n\n\n<p>O <a href=\"https:\/\/magistrarcursos.com.br\/blog\/concurso-tjap-juiz\/\" target=\"_blank\" rel=\"noreferrer noopener\"><strong>concurso TJ AP para Juiz<\/strong><\/a> est\u00e1 em fase avan\u00e7ada de prepara\u00e7\u00e3o. A Funda\u00e7\u00e3o Getulio Vargas foi oficialmente contratada como banca organizadora e a comiss\u00e3o do certame j\u00e1 est\u00e1 formada.<\/p>\n\n\n\n<p>A sele\u00e7\u00e3o dever\u00e1 oferecer <strong>15 vagas imediatas para Juiz de Direito Substituto<\/strong>, al\u00e9m de cadastro de reserva. Com banca, comiss\u00e3o e regulamento definidos, o edital \u00e9 o pr\u00f3ximo passo do concurso.<\/p>\n\n\n\n<figure class=\"wp-block-table\"><table class=\"has-fixed-layout\"><tbody><tr><td><strong>Situa\u00e7\u00e3o:<\/strong><\/td><td>Banca contratada e comiss\u00e3o formada<\/td><\/tr><tr><td><strong>Banca:<\/strong><\/td><td>FGV<\/td><\/tr><tr><td><strong>Vagas:<\/strong><\/td><td>15 vagas + cadastro de reserva<\/td><\/tr><tr><td><strong>Cargo:<\/strong><\/td><td>Juiz de Direito Substituto<\/td><\/tr><tr><td><strong>Sal\u00e1rio inicial:<\/strong><\/td><td>R$ 35.877,27<\/td><\/tr><tr><td><strong>\u00daltimo edital:<\/strong><\/td><td><a href=\"https:\/\/conhecimento.fgv.br\/sites\/default\/files\/concursos\/retificado-1-edital-de-abertura-x-conc.-juiz-tjap-versao-final.pdf\" target=\"_blank\" rel=\"noreferrer noopener\">TJ AP Juiz 2021<\/a><\/td><\/tr><\/tbody><\/table><\/figure>\n\n\n\n<h3 class=\"wp-block-heading\" id=\"tjdft-juiz-banca-definida\">TJDFT Juiz \u2013 banca definida<\/h3>\n\n\n\n<p>O <a href=\"https:\/\/magistrarcursos.com.br\/blog\/concurso-tjdft-juiz\/\" target=\"_blank\" rel=\"noreferrer noopener\"><strong>concurso TJDFT para Juiz<\/strong><\/a> j\u00e1 est\u00e1 autorizado para o cargo de Juiz de Direito Substituto. O Cebraspe foi definido como banca organizadora e a comiss\u00e3o respons\u00e1vel pelo certame j\u00e1 est\u00e1 formada.<\/p>\n\n\n\n<p>A sele\u00e7\u00e3o possui previs\u00e3o de <strong>20 vagas imediatas<\/strong> e sal\u00e1rio inicial de R$ 37.765,55. Apesar do est\u00e1gio avan\u00e7ado dos preparativos, ainda n\u00e3o h\u00e1 uma data oficial para a publica\u00e7\u00e3o do edital.<\/p>\n\n\n\n<figure class=\"wp-block-table\"><table class=\"has-fixed-layout\"><tbody><tr><td><strong>Situa\u00e7\u00e3o:<\/strong><\/td><td>Banca definida e comiss\u00e3o formada<\/td><\/tr><tr><td><strong>Banca:<\/strong><\/td><td>Cebraspe<\/td><\/tr><tr><td><strong>Vagas:<\/strong><\/td><td>20 vagas previstas<\/td><\/tr><tr><td><strong>Cargo:<\/strong><\/td><td>Juiz de Direito Substituto<\/td><\/tr><tr><td><strong>Sal\u00e1rio inicial:<\/strong><\/td><td>R$ 37.765,55<\/td><\/tr><tr><td><strong>\u00daltimo edital:<\/strong><\/td><td><a href=\"https:\/\/www.tjdft.jus.br\/informacoes\/concursos\/juiz-de-direito-substituto\/edital-no-1-2022-xliv-concurso-publico-para-provimento-de-cargos-de-juiz-de-direito-substituto-do-tjdft.pdf\" target=\"_blank\" rel=\"noreferrer noopener\">TJDFT Juiz 2022<\/a><\/td><\/tr><\/tbody><\/table><\/figure>\n\n\n\n<p><strong>Veja mais: <\/strong><a href=\"https:\/\/magistrarcursos.com.br\/blog\/concursos-juiz\/\"><strong>Concursos para Juiz 2026: Tribunais de Justi\u00e7a, TRF e TRT<\/strong><\/a><\/p>\n\n\n\n<h2 class=\"wp-block-heading\" id=\"concursos-juridicos-procurador\">Concursos Jur\u00eddicos: Procurador<\/h2>\n\n\n\n<h3 class=\"wp-block-heading\" id=\"pgm-valinhos-sp-inscricoes-abertas\">PGM Valinhos SP \u2013 inscri\u00e7\u00f5es abertas<\/h3>\n\n\n\n<p>O <a href=\"https:\/\/magistrarcursos.com.br\/blog\/concurso-valinhos-procurador\/\" target=\"_blank\" rel=\"noreferrer noopener\"><strong>concurso PGM Valinhos SP<\/strong><\/a> est\u00e1 com inscri\u00e7\u00f5es abertas para o cargo de Procurador Municipal. S\u00e3o oferecidas <strong>duas vagas imediatas<\/strong>, al\u00e9m da forma\u00e7\u00e3o de cadastro de reserva, com remunera\u00e7\u00e3o inicial de R$ 12.995,34.<\/p>\n\n\n\n<p>Ap\u00f3s prorroga\u00e7\u00e3o, as inscri\u00e7\u00f5es poder\u00e3o ser realizadas at\u00e9 o dia <strong>14 de setembro de 2026<\/strong>. As provas objetiva e discursiva est\u00e3o previstas para 18 de outubro.<\/p>\n\n\n\n<figure class=\"wp-block-table\"><table class=\"has-fixed-layout\"><tbody><tr><td><strong>Situa\u00e7\u00e3o:<\/strong><\/td><td>Inscri\u00e7\u00f5es abertas<\/td><\/tr><tr><td><strong>Banca:<\/strong><\/td><td>ABCP<\/td><\/tr><tr><td><strong>Vagas:<\/strong><\/td><td>2 vagas + cadastro de reserva<\/td><\/tr><tr><td><strong>Cargo:<\/strong><\/td><td>Procurador Municipal<\/td><\/tr><tr><td><strong>Sal\u00e1rio inicial:<\/strong><\/td><td>R$ 12.995,34<\/td><\/tr><tr><td><strong>Provas:<\/strong><\/td><td>18 de outubro de 2026<\/td><\/tr><tr><td><strong>Edital:<\/strong><\/td><td><a href=\"https:\/\/magistrarcursos.com.br\/blog\/wp-content\/uploads\/2026\/07\/edital-pgm-valinhos.pdf\" target=\"_blank\" rel=\"noreferrer noopener\">PGM Valinhos SP 2026<\/a><\/td><\/tr><\/tbody><\/table><\/figure>\n\n\n\n<h3 class=\"wp-block-heading\" id=\"setec-campinas-edital-publicado\">SETEC Campinas \u2013 edital publicado<\/h3>\n\n\n\n<p>O <a href=\"https:\/\/magistrarcursos.com.br\/blog\/concurso-setec-campinas-procurador-edital-oferece-salario-de-r-114-mil-e-beneficio-de-r-21-mil\/\" target=\"_blank\" rel=\"noreferrer noopener\"><strong>concurso SETEC Campinas para Procurador<\/strong><\/a> est\u00e1 com edital publicado e oferece <strong>uma vaga imediata, al\u00e9m de cadastro de reserva<\/strong>.<\/p>\n\n\n\n<p>As inscri\u00e7\u00f5es ser\u00e3o abertas no dia <strong>8 de setembro<\/strong> e seguir\u00e3o at\u00e9 4 de dezembro de 2026. O cargo possui sal\u00e1rio inicial de R$ 11.427,98, acrescido de vale-alimenta\u00e7\u00e3o\/refei\u00e7\u00e3o de R$ 2.150,12. As provas est\u00e3o marcadas para 17 de janeiro de 2027.<\/p>\n\n\n\n<figure class=\"wp-block-table\"><table class=\"has-fixed-layout\"><tbody><tr><td><strong>Situa\u00e7\u00e3o:<\/strong><\/td><td>Edital publicado<\/td><\/tr><tr><td><strong>Banca:<\/strong><\/td><td>INDEPAC<\/td><\/tr><tr><td><strong>Vagas:<\/strong><\/td><td>1 vaga + cadastro de reserva<\/td><\/tr><tr><td><strong>Cargo:<\/strong><\/td><td>Procurador<\/td><\/tr><tr><td><strong>Sal\u00e1rio inicial:<\/strong><\/td><td>R$ 11.427,98 + benef\u00edcio de R$ 2.150,12<\/td><\/tr><tr><td><strong>Provas:<\/strong><\/td><td>17 de janeiro de 2027<\/td><\/tr><tr><td><strong>Edital:<\/strong><\/td><td><a href=\"https:\/\/magistrarcursos.com.br\/blog\/wp-content\/uploads\/2026\/08\/edital-pgm-setec-campinas.pdf\" target=\"_blank\" rel=\"noreferrer noopener\">SETEC Campinas Procurador 2026<\/a><\/td><\/tr><\/tbody><\/table><\/figure>\n\n\n\n<h3 class=\"wp-block-heading\" id=\"mpc-ma-procurador-banca-definida\">MPC MA Procurador \u2013 banca definida<\/h3>\n\n\n\n<p>O <a href=\"https:\/\/magistrarcursos.com.br\/blog\/concurso-mpc-ma-procurador\/\" target=\"_blank\" rel=\"noreferrer noopener\"><strong>concurso MPC MA para Procurador<\/strong><\/a> j\u00e1 possui comiss\u00e3o formada e banca organizadora contratada. O Cebraspe ser\u00e1 respons\u00e1vel pela realiza\u00e7\u00e3o da sele\u00e7\u00e3o.<\/p>\n\n\n\n<p>A previs\u00e3o \u00e9 de <strong>1 vaga <\/strong>para Procurador de Contas do Estado do Maranh\u00e3o, com remunera\u00e7\u00e3o inicial de <strong>R$ 41.845,48<\/strong>. Ap\u00f3s a contrata\u00e7\u00e3o da organizadora, a expectativa se concentra na publica\u00e7\u00e3o do edital.<\/p>\n\n\n\n<figure class=\"wp-block-table\"><table class=\"has-fixed-layout\"><tbody><tr><td><strong>Situa\u00e7\u00e3o:<\/strong><\/td><td>Banca contratada e comiss\u00e3o formada<\/td><\/tr><tr><td><strong>Banca:<\/strong><\/td><td>Cebraspe<\/td><\/tr><tr><td><strong>Vagas:<\/strong><\/td><td>1 vaga prevista<\/td><\/tr><tr><td><strong>Cargo:<\/strong><\/td><td>Procurador de Contas<\/td><\/tr><tr><td><strong>Sal\u00e1rio inicial:<\/strong><\/td><td>R$ 41.845,48<\/td><\/tr><tr><td><strong>Edital:<\/strong><\/td><td>Aguardado<\/td><\/tr><\/tbody><\/table><\/figure>\n\n\n\n<p><strong>Leia tamb\u00e9m: <\/strong><a href=\"https:\/\/magistrarcursos.com.br\/blog\/concurso-procurador\/\" target=\"_blank\" rel=\"noreferrer noopener\"><strong>Concurso para Procurador 2026: MPF, PGE e Assembleia Legislativa<\/strong><\/a><\/p>\n\n\n\n<h2 class=\"wp-block-heading\" id=\"concursos-juridicos-defensor\">Concursos Jur\u00eddicos: Defensor<\/h2>\n\n\n\n<h3 class=\"wp-block-heading\" id=\"dpe-rn-defensor-banca-definida\">DPE RN Defensor \u2013 banca definida<\/h3>\n\n\n\n<p>O <a href=\"https:\/\/magistrarcursos.com.br\/blog\/concurso-dpe-rn-defensor\/\" target=\"_blank\" rel=\"noreferrer noopener\"><strong>concurso DPE RN para Defensor<\/strong><\/a> est\u00e1 em est\u00e1gio avan\u00e7ado de prepara\u00e7\u00e3o para o ingresso na carreira de Defensor P\u00fablico Substituto.<\/p>\n\n\n\n<p>O Cebraspe foi definido como banca organizadora e o regulamento da sele\u00e7\u00e3o j\u00e1 est\u00e1 aprovado. A minuta do contrato prev\u00ea a oferta de <strong>10 vagas imediatas, al\u00e9m de cadastro de reserva<\/strong>, e remunera\u00e7\u00e3o inicial de R$ 32.379,22. Ainda n\u00e3o h\u00e1 uma data confirmada para a publica\u00e7\u00e3o do edital.<\/p>\n\n\n\n<figure class=\"wp-block-table\"><table class=\"has-fixed-layout\"><tbody><tr><td><strong>Situa\u00e7\u00e3o:<\/strong><\/td><td>Banca definida e comiss\u00e3o formada<\/td><\/tr><tr><td><strong>Banca:<\/strong><\/td><td>Cebraspe<\/td><\/tr><tr><td><strong>Vagas:<\/strong><\/td><td>10 vagas + cadastro de reserva<\/td><\/tr><tr><td><strong>Cargo:<\/strong><\/td><td>Defensor P\u00fablico Substituto<\/td><\/tr><tr><td><strong>Sal\u00e1rio inicial:<\/strong><\/td><td>R$ 32.379,22<\/td><\/tr><tr><td><strong>\u00daltimo edital:<\/strong><\/td><td><a href=\"http:\/\/www.cespe.unb.br\/concursos\/dpe_rn_15_defensor\/arquivos\/DPE_RN_2015_ED_ABERTURA.PDF\" target=\"_blank\" rel=\"noreferrer noopener\">DPE RN Defensor 2015<\/a><\/td><\/tr><\/tbody><\/table><\/figure>\n\n\n\n<p><strong>Veja mais: <\/strong><a href=\"https:\/\/magistrarcursos.com.br\/blog\/concursos-defensoria\/\" target=\"_blank\" rel=\"noreferrer noopener\"><strong>Concursos para Defensor 2026: editais previstos e situa\u00e7\u00e3o dos principais concursos<\/strong><\/a><\/p>\n\n\n\n<h2 class=\"wp-block-heading\" id=\"antecipe-sua-preparacao-com-o-cerebro-magistrar\">Antecipe sua prepara\u00e7\u00e3o com&nbsp; o C\u00c9REBRO Magistrar!<\/h2>\n\n\n\n<p>O <strong>C\u00c9REBRO Magistrar<\/strong> \u00e9 um sistema completo para carreiras jur\u00eddicas que re\u00fane, em um s\u00f3 lugar. Com ferramentas inteligentes, materiais direcionados, quest\u00f5es, informativos e recursos de planejamento, o C\u00c9REBRO ajuda a tornar sua prepara\u00e7\u00e3o mais pr\u00e1tica, eficiente e focada na aprova\u00e7\u00e3o.<\/p>\n\n\n\n<figure class=\"wp-block-image size-full\"><a href=\"https:\/\/t.magistrarcursos.com.br\/cerebro-juridico\/?utm_source=blog\" target=\"_blank\" rel=\" noreferrer noopener\"><img fetchpriority=\"high\" decoding=\"async\" width=\"800\" height=\"237\" src=\"https:\/\/magistrarcursos.com.br\/blog\/wp-content\/uploads\/2026\/04\/banner-vitalicia-cerebro.webp\" alt=\"\" class=\"wp-image-34598\" srcset=\"https:\/\/magistrarcursos.com.br\/blog\/wp-content\/uploads\/2026\/04\/banner-vitalicia-cerebro.webp 800w, https:\/\/magistrarcursos.com.br\/blog\/wp-content\/uploads\/2026\/04\/banner-vitalicia-cerebro-300x89.webp 300w, https:\/\/magistrarcursos.com.br\/blog\/wp-content\/uploads\/2026\/04\/banner-vitalicia-cerebro-768x228.webp 768w\" sizes=\"(max-width: 800px) 100vw, 800px\" \/><\/a><\/figure>\n","protected":false},"excerpt":{"rendered":"<p>Sele\u00e7\u00f5es para Juiz Substituto, Juiz Federal, Defensor P\u00fablico e Procurador avan\u00e7am em setembro; concursos previstos j\u00e1 possuem comiss\u00e3o e banca definidas<\/p>\n","protected":false},"author":13,"featured_media":27757,"comment_status":"closed","ping_status":"closed","sticky":false,"template":"","format":"standard","meta":{"footnotes":""},"categories":[48,100],"tags":[],"class_list":["post-45617","post","type-post","status-publish","format-standard","has-post-thumbnail","hentry","category-noticias","category-concursos"],"_links":{"self":[{"href":"https:\/\/magistrarcursos.com.br\/blog\/wp-json\/wp\/v2\/posts\/45617","targetHints":{"allow":["GET"]}}],"collection":[{"href":"https:\/\/magistrarcursos.com.br\/blog\/wp-json\/wp\/v2\/posts"}],"about":[{"href":"https:\/\/magistrarcursos.com.br\/blog\/wp-json\/wp\/v2\/types\/post"}],"author":[{"embeddable":true,"href":"https:\/\/magistrarcursos.com.br\/blog\/wp-json\/wp\/v2\/users\/13"}],"replies":[{"embeddable":true,"href":"https:\/\/magistrarcursos.com.br\/blog\/wp-json\/wp\/v2\/comments?post=45617"}],"version-history":[{"count":1,"href":"https:\/\/magistrarcursos.com.br\/blog\/wp-json\/wp\/v2\/posts\/45617\/revisions"}],"predecessor-version":[{"id":45618,"href":"https:\/\/magistrarcursos.com.br\/blog\/wp-json\/wp\/v2\/posts\/45617\/revisions\/45618"}],"wp:featuredmedia":[{"embeddable":true,"href":"https:\/\/magistrarcursos.com.br\/blog\/wp-json\/wp\/v2\/media\/27757"}],"wp:attachment":[{"href":"https:\/\/magistrarcursos.com.br\/blog\/wp-json\/wp\/v2\/media?parent=45617"}],"wp:term":[{"taxonomy":"category","embeddable":true,"href":"https:\/\/magistrarcursos.com.br\/blog\/wp-json\/wp\/v2\/categories?post=45617"},{"taxonomy":"post_tag","embeddable":true,"href":"https:\/\/magistrarcursos.com.br\/blog\/wp-json\/wp\/v2\/tags?post=45617"}],"curies":[{"name":"wp","href":"https:\/\/api.w.org\/{rel}","templated":true}]}}