{"id":45975,"date":"2026-09-04T11:17:25","date_gmt":"2026-09-04T14:17:25","guid":{"rendered":"https:\/\/magistrarcursos.com.br\/blog\/?p=45975"},"modified":"2026-09-04T11:17:25","modified_gmt":"2026-09-04T14:17:25","slug":"enam-e-concursos-juridicos-imersao-em-direitos-humanos-e-formacao-humanistica-acontece-no-feriado-7-9","status":"publish","type":"post","link":"https:\/\/magistrarcursos.com.br\/blog\/enam-e-concursos-juridicos-imersao-em-direitos-humanos-e-formacao-humanistica-acontece-no-feriado-7-9\/","title":{"rendered":"ENAM e concursos jur\u00eddicos: Imers\u00e3o em Direitos Humanos e Forma\u00e7\u00e3o Human\u00edstica acontece no feriado (7\/9)"},"content":{"rendered":"\n<p>Quem est\u00e1 se preparando para o <strong><a href=\"https:\/\/magistrarcursos.com.br\/blog\/enam-exame-nacional-magistratura\/\" target=\"_blank\" data-type=\"link\" data-id=\"https:\/\/magistrarcursos.com.br\/blog\/enam-exame-nacional-magistratura\/\" rel=\"noreferrer noopener\">ENAM 2026.2<\/a><\/strong> e para outros <strong><a href=\"https:\/\/magistrarcursos.com.br\/blog\/concursos-juridicos-melhores-editais-e-oportunidades-em-setembro-de-2026\/\" target=\"_blank\" data-type=\"link\" data-id=\"https:\/\/magistrarcursos.com.br\/blog\/concursos-juridicos-melhores-editais-e-oportunidades-em-setembro-de-2026\/\" rel=\"noreferrer noopener\">concursos jur\u00eddicos<\/a><\/strong> ter\u00e1 uma oportunidade especial de intensificar os estudos durante o feriado de 7 de setembro. Na pr\u00f3xima segunda-feira, o Magistrar promove a <strong>Imers\u00e3o em Direitos Humanos e Forma\u00e7\u00e3o Human\u00edstica<\/strong>, com o professor <strong>Alexandre Piovesan<\/strong>, a partir das 9h30.<\/p>\n\n\n\n<p>A aula ser\u00e1 transmitida ao vivo pelo <strong><a href=\"https:\/\/www.youtube.com\/@magistrar\" target=\"_blank\" data-type=\"link\" data-id=\"https:\/\/www.youtube.com\/@magistrar\" rel=\"noreferrer noopener\">canal do Magistrar no YouTube<\/a><\/strong> e faz parte do projeto <strong>Embaixadores do C\u00e9rebro<\/strong>, iniciativa que promove imers\u00f5es semanais voltadas \u00e0s principais disciplinas do Direito.<\/p>\n\n\n\n<p>A programa\u00e7\u00e3o foi pensada especialmente para os estudantes que desejam aproveitar o feriado para revisar conte\u00fados importantes e fortalecer a prepara\u00e7\u00e3o para o <strong>ENAM e concursos jur\u00eddicos<\/strong>, especialmente aqueles que exigem uma forma\u00e7\u00e3o ampla e aprofundada em Direito.<\/p>\n\n\n\n<figure class=\"wp-block-embed is-type-video is-provider-youtube wp-block-embed-youtube wp-embed-aspect-16-9 wp-has-aspect-ratio\"><div class=\"wp-block-embed__wrapper\">\n<iframe title=\"Imers\u00e3o em Direitos Humanos e Forma\u00e7\u00e3o Human\u00edstica, com Alexandre Piovesan\" width=\"800\" height=\"450\" src=\"https:\/\/www.youtube.com\/embed\/8Ev5x5_bZlQ?feature=oembed\" frameborder=\"0\" allow=\"accelerometer; autoplay; clipboard-write; encrypted-media; gyroscope; picture-in-picture; web-share\" referrerpolicy=\"strict-origin-when-cross-origin\" allowfullscreen><\/iframe>\n<\/div><\/figure>\n\n\n\n<h2 class=\"wp-block-heading\">Imers\u00e3o em Direitos Humanos e Forma\u00e7\u00e3o Human\u00edstica<\/h2>\n\n\n\n<p>A <strong>Imers\u00e3o em Direitos Humanos e Forma\u00e7\u00e3o Human\u00edstica<\/strong> ser\u00e1 conduzida por Alexandre Piovesan e ter\u00e1 como foco conte\u00fados fundamentais para a forma\u00e7\u00e3o dos candidatos \u00e0s carreiras jur\u00eddicas.<\/p>\n\n\n\n<p>Direitos Humanos e Forma\u00e7\u00e3o Human\u00edstica integram uma prepara\u00e7\u00e3o estrat\u00e9gica para quem busca aprova\u00e7\u00e3o no <strong>ENAM<\/strong> e em concursos jur\u00eddicos, sendo disciplinas que exigem n\u00e3o apenas conhecimento da legisla\u00e7\u00e3o, mas tamb\u00e9m compreens\u00e3o dos fundamentos e princ\u00edpios que orientam o Direito.<\/p>\n\n\n\n<p>Durante a imers\u00e3o, os participantes poder\u00e3o aproveitar o encontro para aprofundar os estudos e revisar pontos relevantes da disciplina.<\/p>\n\n\n\n<h2 class=\"wp-block-heading\">Aula para quem est\u00e1 se preparando para o ENAM<\/h2>\n\n\n\n<p>O <strong>ENAM<\/strong> \u00e9 uma etapa importante para quem pretende ingressar na Magistratura, e a prepara\u00e7\u00e3o exige uma rotina de estudos consistente e multidisciplinar.<\/p>\n\n\n\n<p>Nesse contexto, momentos de imers\u00e3o podem contribuir para o aprofundamento de disciplinas relevantes e para a consolida\u00e7\u00e3o do conhecimento. A aula desta segunda-feira representa uma oportunidade para os candidatos aproveitarem o feriado para estudar com orienta\u00e7\u00e3o especializada.<\/p>\n\n\n\n<p>Al\u00e9m dos candidatos ao ENAM, a programa\u00e7\u00e3o tamb\u00e9m \u00e9 indicada para estudantes que est\u00e3o se preparando para outros <strong>concursos jur\u00eddicos<\/strong>, especialmente aqueles voltados \u00e0s carreiras da Magistratura e demais fun\u00e7\u00f5es que exigem s\u00f3lida forma\u00e7\u00e3o jur\u00eddica.<\/p>\n\n\n\n<p><strong>Leia tamb\u00e9m: <a href=\"https:\/\/magistrarcursos.com.br\/blog\/enam-2026-2-edital-publicado-provas-em-novembro\/\" data-type=\"link\" data-id=\"https:\/\/magistrarcursos.com.br\/blog\/enam-2026-2-edital-publicado-provas-em-novembro\/\" target=\"_blank\" rel=\"noreferrer noopener\">ENAM 2026.2: edital publicado; provas em novembro!<\/a><\/strong><\/p>\n\n\n\n<h2 class=\"wp-block-heading\">Embaixadores do C\u00e9rebro promove imers\u00f5es semanais<\/h2>\n\n\n\n<p>A aula integra o projeto <strong>Embaixadores do C\u00e9rebro<\/strong>, do Magistrar, que promove imers\u00f5es semanais sobre diferentes disciplinas do Direito.<\/p>\n\n\n\n<p>A proposta \u00e9 oferecer aos alunos encontros direcionados ao aprofundamento de conte\u00fados importantes para a prepara\u00e7\u00e3o jur\u00eddica, criando oportunidades adicionais de estudo ao longo da semana.<\/p>\n\n\n\n<p>A programa\u00e7\u00e3o desta segunda-feira ter\u00e1 como tema <strong>Direitos Humanos e Forma\u00e7\u00e3o Human\u00edstica<\/strong>, com Alexandre Piovesan, e ser\u00e1 realizada especialmente no feriado de 7 de setembro.<\/p>\n\n\n\n<h3 class=\"wp-block-heading\">Servi\u00e7o<\/h3>\n\n\n\n<p><strong>Evento:<\/strong> Imers\u00e3o em Direitos Humanos e Forma\u00e7\u00e3o Human\u00edstica<br><strong>Professor:<\/strong> Alexandre Piovesan<br><strong>Data:<\/strong> 7 de setembro de 2026, segunda-feira<br><strong>Hor\u00e1rio:<\/strong> 9h30<br><strong>Projeto:<\/strong> Embaixadores do C\u00e9rebro<br><strong>Transmiss\u00e3o:<\/strong> <strong><a href=\"https:\/\/www.youtube.com\/@magistrar\" target=\"_blank\" data-type=\"link\" data-id=\"https:\/\/www.youtube.com\/@magistrar\" rel=\"noreferrer noopener\">canal do Magistrar no YouTube<\/a><\/strong><\/p>\n\n\n\n<figure class=\"wp-block-image size-full\"><a href=\"https:\/\/t.magistrarcursos.com.br\/cerebro-juridico\/?utm_source=blog\" target=\"_blank\" rel=\" noreferrer noopener\"><img fetchpriority=\"high\" decoding=\"async\" width=\"800\" height=\"237\" src=\"https:\/\/magistrarcursos.com.br\/blog\/wp-content\/uploads\/2026\/04\/banner-vitalicia-cerebro.webp\" alt=\"\" class=\"wp-image-34598\" srcset=\"https:\/\/magistrarcursos.com.br\/blog\/wp-content\/uploads\/2026\/04\/banner-vitalicia-cerebro.webp 800w, https:\/\/magistrarcursos.com.br\/blog\/wp-content\/uploads\/2026\/04\/banner-vitalicia-cerebro-300x89.webp 300w, https:\/\/magistrarcursos.com.br\/blog\/wp-content\/uploads\/2026\/04\/banner-vitalicia-cerebro-768x228.webp 768w\" sizes=\"(max-width: 800px) 100vw, 800px\" \/><\/a><\/figure>\n","protected":false},"excerpt":{"rendered":"<p>Aula com Alexandre Piovesan ser\u00e1 transmitida ao vivo na pr\u00f3xima segunda-feira (7\/9), a partir das 9h30, pelo canal do Magistrar no YouTube<\/p>\n","protected":false},"author":18,"featured_media":45976,"comment_status":"closed","ping_status":"closed","sticky":false,"template":"","format":"standard","meta":{"footnotes":""},"categories":[48,106,103,104,108,115],"tags":[],"class_list":["post-45975","post","type-post","status-publish","format-standard","has-post-thumbnail","hentry","category-noticias","category-defensoria-publica","category-enam","category-magistraturas","category-procuradorias","category-ministerio-publico"],"_links":{"self":[{"href":"https:\/\/magistrarcursos.com.br\/blog\/wp-json\/wp\/v2\/posts\/45975","targetHints":{"allow":["GET"]}}],"collection":[{"href":"https:\/\/magistrarcursos.com.br\/blog\/wp-json\/wp\/v2\/posts"}],"about":[{"href":"https:\/\/magistrarcursos.com.br\/blog\/wp-json\/wp\/v2\/types\/post"}],"author":[{"embeddable":true,"href":"https:\/\/magistrarcursos.com.br\/blog\/wp-json\/wp\/v2\/users\/18"}],"replies":[{"embeddable":true,"href":"https:\/\/magistrarcursos.com.br\/blog\/wp-json\/wp\/v2\/comments?post=45975"}],"version-history":[{"count":1,"href":"https:\/\/magistrarcursos.com.br\/blog\/wp-json\/wp\/v2\/posts\/45975\/revisions"}],"predecessor-version":[{"id":45978,"href":"https:\/\/magistrarcursos.com.br\/blog\/wp-json\/wp\/v2\/posts\/45975\/revisions\/45978"}],"wp:featuredmedia":[{"embeddable":true,"href":"https:\/\/magistrarcursos.com.br\/blog\/wp-json\/wp\/v2\/media\/45976"}],"wp:attachment":[{"href":"https:\/\/magistrarcursos.com.br\/blog\/wp-json\/wp\/v2\/media?parent=45975"}],"wp:term":[{"taxonomy":"category","embeddable":true,"href":"https:\/\/magistrarcursos.com.br\/blog\/wp-json\/wp\/v2\/categories?post=45975"},{"taxonomy":"post_tag","embeddable":true,"href":"https:\/\/magistrarcursos.com.br\/blog\/wp-json\/wp\/v2\/tags?post=45975"}],"curies":[{"name":"wp","href":"https:\/\/api.w.org\/{rel}","templated":true}]}}